{"id":36098,"date":"2023-10-27T09:17:17","date_gmt":"2023-10-27T15:17:17","guid":{"rendered":"https:\/\/elconspirador.com.mx\/?p=36098"},"modified":"2023-10-27T09:17:17","modified_gmt":"2023-10-27T15:17:17","slug":"abre-corregidora-centro-de-acopio","status":"publish","type":"post","link":"https:\/\/elconspirador.com.mx\/?p=36098","title":{"rendered":"ABRE CORREGIDORA CENTRO DE ACOPIO"},"content":{"rendered":"<p>Roberto Sosa Pichardo, presidente municipal de Corregidora, reiter\u00f3 la invitaci\u00f3n a las familias del municipio para apoyar a los hermanos de Guerrero afectados por el paso del hurac\u00e1n Otis, para lo cual \u2013dijo- fue instalado un centro de acopio en la Unidad B\u00e1sica de Rehabilitaci\u00f3n (UBR), ubicada en Fray Sebasti\u00e1n de Gallegos No. 73, El Pueblito, en donde, de las 8:00 a las 15:00 horas, se estar\u00e1n recibiendo alimentos no perecederos, art\u00edculos de higiene personal y productos de limpieza.<\/p>\n<p>Indic\u00f3 que las personas tambi\u00e9n pueden hacer aportaciones a trav\u00e9s de la cuenta abierta por el Patronato del Sistema Municipal para el Desarrollo Integral de la Familia (SMDIF), <a href=\"tel:0048817510201\">0048817510201<\/a>, CLABE 030680488175102010.<\/p>\n<p>\u201c\u00a1Es momento de ayudar! Pedirles su apoyo. Sabemos que nuestros hermanos de Guerrero la est\u00e1n pasando mal. El tema del hurac\u00e1n les peg\u00f3 fuert\u00edsimo, les peg\u00f3 horrible y nosotros, aqu\u00ed en Corregidora, pusimos un centro de acopio y a trav\u00e9s del Sistema Municipal para el Desarrollo Integral de la Familia (SMDIF) (fue abierta) una cuenta del patronato para que quien quiera ayudarlos o llevar productos no perecederos en la UBR. A partir del fin de semana vamos a mandar a equipo del DIF a entreg\u00e1rselos directamente a la gente de Acapulco\u201d, exhort\u00f3 el edil, quien reiter\u00f3 que es momento de ayudar a quienes necesitan la solidaridad que caracteriza al pueblo mexicano.<\/p>\n","protected":false},"excerpt":{"rendered":"<p>Roberto Sosa Pichardo, presidente municipal de Corregidora, reiter\u00f3 la invitaci\u00f3n a las familias del municipio para apoyar a los hermanos de Guerrero afectados por el paso del hurac\u00e1n Otis, para lo cual \u2013dijo- fue instalado un centro de acopio en la Unidad B\u00e1sica de Rehabilitaci\u00f3n (UBR), ubicada en Fray Sebasti\u00e1n de Gallegos No. 73, El Pueblito, en donde, de las<\/p>\n<div class=\"h10\"><\/div>\n<p><a class=\"more-link2 flat\" href=\"https:\/\/elconspirador.com.mx\/?p=36098\">Leer m\u00e1s<\/a><\/p>\n","protected":false},"author":1,"featured_media":36100,"comment_status":"open","ping_status":"open","sticky":false,"template":"","format":"standard","meta":{"om_disable_all_campaigns":false,"_uf_show_specific_survey":0,"_uf_disable_surveys":false},"categories":[1],"tags":[],"aioseo_notices":[],"_links":{"self":[{"href":"https:\/\/elconspirador.com.mx\/index.php?rest_route=\/wp\/v2\/posts\/36098"}],"collection":[{"href":"https:\/\/elconspirador.com.mx\/index.php?rest_route=\/wp\/v2\/posts"}],"about":[{"href":"https:\/\/elconspirador.com.mx\/index.php?rest_route=\/wp\/v2\/types\/post"}],"author":[{"embeddable":true,"href":"https:\/\/elconspirador.com.mx\/index.php?rest_route=\/wp\/v2\/users\/1"}],"replies":[{"embeddable":true,"href":"https:\/\/elconspirador.com.mx\/index.php?rest_route=%2Fwp%2Fv2%2Fcomments&post=36098"}],"version-history":[{"count":1,"href":"https:\/\/elconspirador.com.mx\/index.php?rest_route=\/wp\/v2\/posts\/36098\/revisions"}],"predecessor-version":[{"id":36099,"href":"https:\/\/elconspirador.com.mx\/index.php?rest_route=\/wp\/v2\/posts\/36098\/revisions\/36099"}],"wp:featuredmedia":[{"embeddable":true,"href":"https:\/\/elconspirador.com.mx\/index.php?rest_route=\/wp\/v2\/media\/36100"}],"wp:attachment":[{"href":"https:\/\/elconspirador.com.mx\/index.php?rest_route=%2Fwp%2Fv2%2Fmedia&parent=36098"}],"wp:term":[{"taxonomy":"category","embeddable":true,"href":"https:\/\/elconspirador.com.mx\/index.php?rest_route=%2Fwp%2Fv2%2Fcategories&post=36098"},{"taxonomy":"post_tag","embeddable":true,"href":"https:\/\/elconspirador.com.mx\/index.php?rest_route=%2Fwp%2Fv2%2Ftags&post=36098"}],"curies":[{"name":"wp","href":"https:\/\/api.w.org\/{rel}","templated":true}]}}