{"id":36102,"date":"2023-10-27T10:27:26","date_gmt":"2023-10-27T16:27:26","guid":{"rendered":"https:\/\/elconspirador.com.mx\/?p=36102"},"modified":"2023-10-27T10:27:26","modified_gmt":"2023-10-27T16:27:26","slug":"amlo-investigara-bienestar-queretaro","status":"publish","type":"post","link":"https:\/\/elconspirador.com.mx\/?p=36102","title":{"rendered":"AMLO INVESTIGAR\u00c1 BIENESTAR QUER\u00c9TARO"},"content":{"rendered":"<p>Tras las denuncias de la participaci\u00f3n de personal de la delegaci\u00f3n de Bienestar en Quer\u00e9taro, en la manifestaci\u00f3n de habitantes de Macon\u00ed; el presidente de la Rep\u00fablica, Andr\u00e9s Manuel L\u00f3pez Obrador, anunci\u00f3 una investigaci\u00f3n en contra de dichos servidores p\u00fablicos.<\/p>\n<p>Adem\u00e1s de la participaci\u00f3n del senador Gilberto Herrera, se denunci\u00f3 la presidencia en la marcha de la coordinadora de Bienestar en la Sierra y el delegado de programas en la capital.<\/p>\n<p>&#8220;No debe de permitirse eso. Vamos a hacer investigaci\u00f3n, pero no pueden los servidores p\u00fablicos participar en actos que tengan un prop\u00f3sito pol\u00edtico, electoral&#8221;.<\/p>\n<p>El mandatario Federal rechaz\u00f3 la participaci\u00f3n de servidores p\u00fablicos en actos pol\u00edticos, po lo cual agreg\u00f3, se actuar\u00e1 en consecuencia.<\/p>\n<p>Adem\u00e1s, destac\u00f3 la relaci\u00f3n con el gobernador Mauricio Kuri Gonz\u00e1lez, con quien colabora para llevar a cabo el proyecto de Acueducto III.<\/p>\n<p>&#8220;Vamos a ver de qu\u00e9 se trata. Y s\u00ed, el efecto, tenemos, nosotros, buena relaci\u00f3n con el gobernador de Quer\u00e9taro y estamos ayudando para resolver lo del abasto de agua&#8221;.<\/p>\n","protected":false},"excerpt":{"rendered":"<p>Tras las denuncias de la participaci\u00f3n de personal de la delegaci\u00f3n de Bienestar en Quer\u00e9taro, en la manifestaci\u00f3n de habitantes de Macon\u00ed; el presidente de la Rep\u00fablica, Andr\u00e9s Manuel L\u00f3pez Obrador, anunci\u00f3 una investigaci\u00f3n en contra de dichos servidores p\u00fablicos. Adem\u00e1s de la participaci\u00f3n del senador Gilberto Herrera, se denunci\u00f3 la presidencia en la marcha de la coordinadora de Bienestar<\/p>\n<div class=\"h10\"><\/div>\n<p><a class=\"more-link2 flat\" href=\"https:\/\/elconspirador.com.mx\/?p=36102\">Leer m\u00e1s<\/a><\/p>\n","protected":false},"author":1,"featured_media":36103,"comment_status":"open","ping_status":"open","sticky":false,"template":"","format":"standard","meta":{"om_disable_all_campaigns":false,"_uf_show_specific_survey":0,"_uf_disable_surveys":false},"categories":[1],"tags":[],"aioseo_notices":[],"_links":{"self":[{"href":"https:\/\/elconspirador.com.mx\/index.php?rest_route=\/wp\/v2\/posts\/36102"}],"collection":[{"href":"https:\/\/elconspirador.com.mx\/index.php?rest_route=\/wp\/v2\/posts"}],"about":[{"href":"https:\/\/elconspirador.com.mx\/index.php?rest_route=\/wp\/v2\/types\/post"}],"author":[{"embeddable":true,"href":"https:\/\/elconspirador.com.mx\/index.php?rest_route=\/wp\/v2\/users\/1"}],"replies":[{"embeddable":true,"href":"https:\/\/elconspirador.com.mx\/index.php?rest_route=%2Fwp%2Fv2%2Fcomments&post=36102"}],"version-history":[{"count":1,"href":"https:\/\/elconspirador.com.mx\/index.php?rest_route=\/wp\/v2\/posts\/36102\/revisions"}],"predecessor-version":[{"id":36104,"href":"https:\/\/elconspirador.com.mx\/index.php?rest_route=\/wp\/v2\/posts\/36102\/revisions\/36104"}],"wp:featuredmedia":[{"embeddable":true,"href":"https:\/\/elconspirador.com.mx\/index.php?rest_route=\/wp\/v2\/media\/36103"}],"wp:attachment":[{"href":"https:\/\/elconspirador.com.mx\/index.php?rest_route=%2Fwp%2Fv2%2Fmedia&parent=36102"}],"wp:term":[{"taxonomy":"category","embeddable":true,"href":"https:\/\/elconspirador.com.mx\/index.php?rest_route=%2Fwp%2Fv2%2Fcategories&post=36102"},{"taxonomy":"post_tag","embeddable":true,"href":"https:\/\/elconspirador.com.mx\/index.php?rest_route=%2Fwp%2Fv2%2Ftags&post=36102"}],"curies":[{"name":"wp","href":"https:\/\/api.w.org\/{rel}","templated":true}]}}