{"id":36128,"date":"2023-10-27T16:02:38","date_gmt":"2023-10-27T22:02:38","guid":{"rendered":"https:\/\/elconspirador.com.mx\/?p=36128"},"modified":"2023-10-27T16:04:15","modified_gmt":"2023-10-27T22:04:15","slug":"peniche-cuestiona-denuncias-vs-bienestar","status":"publish","type":"post","link":"https:\/\/elconspirador.com.mx\/?p=36128","title":{"rendered":"PENICHE CUESTIONA DENUNCIAS VS BIENESTAR"},"content":{"rendered":"<p>Roc\u00edo Peniche Vera, delegada de Bienestar, cuestion\u00f3 los se\u00f1alamientos en contra de la dependencia por la supuesta participaci\u00f3n de personal de la secretar\u00eda en la \u201cmarcha del agua\u201d y conmin\u00f3 a las personas a hacer las denuncias correspondientes.<\/p>\n<p>La delegada llam\u00f3 a tomar con seriedad el asunto y acus\u00f3 que los se\u00f1alamientos se han realizado desde perfiles an\u00f3nimos en redes sociales, adem\u00e1s de cuestionar qui\u00e9n est\u00e1 financiando dichos perfiles.<\/p>\n<p>\u201cM\u00e1s bien, les expreso mi extra\u00f1amiento porque las acusaciones contra la delegaci\u00f3n del bienestar est\u00e1n fundadas en se\u00f1alamientos que se han hecho en redes sociales con perfiles an\u00f3nimos y cuestionar\u00eda qui\u00e9n est\u00e1 financiando el pago de publicidad en esos perfiles de dudosa credibilidad para golpear y afectar al gobierno del presidente L\u00f3pez Obrador\u201d, apunt\u00f3.<\/p>\n<p>Peniche Vera indic\u00f3 que la delegaci\u00f3n de Bienestar es respetuosa de los movimientos sociales y enfatiz\u00f3 que la lucha del pueblo de Macon\u00ed no es la excepci\u00f3n. Adem\u00e1s, descart\u00f3 que la delegaci\u00f3n haya instruido a alg\u00fan servidor p\u00fablico a participar.<\/p>\n<p>\u201cBienestar Quer\u00e9taro nunca ha instruido a ning\u00fan servidor p\u00fablico para participar ni en \u00e9ste ni en ning\u00fan otro movimiento social, si ha habido personas que se hayan solidarizado con el pueblo de Macon\u00ed lo han hecho a t\u00edtulo personal, lo que tambi\u00e9n les puedo asegurar es que en Bienestar no hemos descuidado en absoluto nuestros deberes con todos los programas sociales que est\u00e1n bajo nuestra responsabilidad\u201d, asever\u00f3.<\/p>\n","protected":false},"excerpt":{"rendered":"<p>Roc\u00edo Peniche Vera, delegada de Bienestar, cuestion\u00f3 los se\u00f1alamientos en contra de la dependencia por la supuesta participaci\u00f3n de personal de la secretar\u00eda en la \u201cmarcha del agua\u201d y conmin\u00f3 a las personas a hacer las denuncias correspondientes. La delegada llam\u00f3 a tomar con seriedad el asunto y acus\u00f3 que los se\u00f1alamientos se han realizado desde perfiles an\u00f3nimos en redes<\/p>\n<div class=\"h10\"><\/div>\n<p><a class=\"more-link2 flat\" href=\"https:\/\/elconspirador.com.mx\/?p=36128\">Leer m\u00e1s<\/a><\/p>\n","protected":false},"author":1,"featured_media":36130,"comment_status":"open","ping_status":"open","sticky":false,"template":"","format":"standard","meta":{"om_disable_all_campaigns":false,"_uf_show_specific_survey":0,"_uf_disable_surveys":false},"categories":[1],"tags":[],"aioseo_notices":[],"_links":{"self":[{"href":"https:\/\/elconspirador.com.mx\/index.php?rest_route=\/wp\/v2\/posts\/36128"}],"collection":[{"href":"https:\/\/elconspirador.com.mx\/index.php?rest_route=\/wp\/v2\/posts"}],"about":[{"href":"https:\/\/elconspirador.com.mx\/index.php?rest_route=\/wp\/v2\/types\/post"}],"author":[{"embeddable":true,"href":"https:\/\/elconspirador.com.mx\/index.php?rest_route=\/wp\/v2\/users\/1"}],"replies":[{"embeddable":true,"href":"https:\/\/elconspirador.com.mx\/index.php?rest_route=%2Fwp%2Fv2%2Fcomments&post=36128"}],"version-history":[{"count":2,"href":"https:\/\/elconspirador.com.mx\/index.php?rest_route=\/wp\/v2\/posts\/36128\/revisions"}],"predecessor-version":[{"id":36131,"href":"https:\/\/elconspirador.com.mx\/index.php?rest_route=\/wp\/v2\/posts\/36128\/revisions\/36131"}],"wp:featuredmedia":[{"embeddable":true,"href":"https:\/\/elconspirador.com.mx\/index.php?rest_route=\/wp\/v2\/media\/36130"}],"wp:attachment":[{"href":"https:\/\/elconspirador.com.mx\/index.php?rest_route=%2Fwp%2Fv2%2Fmedia&parent=36128"}],"wp:term":[{"taxonomy":"category","embeddable":true,"href":"https:\/\/elconspirador.com.mx\/index.php?rest_route=%2Fwp%2Fv2%2Fcategories&post=36128"},{"taxonomy":"post_tag","embeddable":true,"href":"https:\/\/elconspirador.com.mx\/index.php?rest_route=%2Fwp%2Fv2%2Ftags&post=36128"}],"curies":[{"name":"wp","href":"https:\/\/api.w.org\/{rel}","templated":true}]}}