{"id":36139,"date":"2023-10-30T06:21:22","date_gmt":"2023-10-30T12:21:22","guid":{"rendered":"https:\/\/elconspirador.com.mx\/?p=36139"},"modified":"2023-10-30T06:21:22","modified_gmt":"2023-10-30T12:21:22","slug":"realiza-el-marques-acciones-para-prevenir-conductas-de-riesgo","status":"publish","type":"post","link":"https:\/\/elconspirador.com.mx\/?p=36139","title":{"rendered":"REALIZA EL MARQU\u00c9S ACCIONES PARA PREVENIR CONDUCTAS DE RIESGO"},"content":{"rendered":"<p>&nbsp;<\/p>\n<p>El municipio de El Marqu\u00e9s, a trav\u00e9s del Instituto Municipal para la Prevenci\u00f3n y Atenci\u00f3n de Adicciones y Conductas de Riesgo, Centro Vive, llev\u00f3 a cabo en la explanada de la Plaza San Pedro, de La Ca\u00f1ada, el evento Vive en Familia Nuestras Tradiciones, como parte de las jornadas \u201cVive en tu calle\u201d, que tienen como objetivo realizar actividades de sano esparcimiento para prevenir y atender las conductas de riesgo.<\/p>\n<p>Ante mil 500 marquesinos, el jefe de la Oficina de la Presidencia, Rodrigo Monsalvo Castel\u00e1n, en representaci\u00f3n del presidente municipal, Enrique Vega Carriles, reflexion\u00f3 que este tipo de eventos son importantes para estar con la familia y amigos, por lo que el municipio de El Marqu\u00e9s contin\u00faa trabajando, a trav\u00e9s de estas acciones, a fin de apoyar a los ciudadanos, alejarlos de las conductas de riesgo y fortalecer el tejido social.<\/p>\n<p>Por su parte, Rafael Jim\u00e9nez L\u00f3pez, director general del Instituto Municipal para la Prevenci\u00f3n y Atenci\u00f3n de Adicciones y Conductas de Riesgo, Centro Vive, explic\u00f3 que uno de los principales objetivos de la administraci\u00f3n 2021-2024 es la integraci\u00f3n familiar con el fin de promover la sana convivencia.<\/p>\n<p>Entre las actividades de integraci\u00f3n se presentaron el concurso de disfraces, en el que participaron 50 adultos y 10 ni\u00f1os; el espect\u00e1culo del actor Erik de Luna, La Catrina Josefa y la Familia el D\u00eda de Muertos; y una funci\u00f3n de lucha libre profesional.<\/p>\n<p>Los ganadores de la categor\u00eda infantil del concurso de disfraces fueron: Paulette Garc\u00eda, Isabel Acosta y M\u00eda Sof\u00eda L\u00f3pez en primer, segundo y tercer lugar respectivamente.<\/p>\n<p>En el caso de la categor\u00eda adultos, Jos\u00e9 Luis Mart\u00ednez S\u00e1nchez fue acreedor del primer lugar, Mari\u00e1n Guerrero Camacho del segundo lugar y Francisco Javier Castelano Saavedra del tercer lugar.<\/p>\n","protected":false},"excerpt":{"rendered":"<p>&nbsp; El municipio de El Marqu\u00e9s, a trav\u00e9s del Instituto Municipal para la Prevenci\u00f3n y Atenci\u00f3n de Adicciones y Conductas de Riesgo, Centro Vive, llev\u00f3 a cabo en la explanada de la Plaza San Pedro, de La Ca\u00f1ada, el evento Vive en Familia Nuestras Tradiciones, como parte de las jornadas \u201cVive en tu calle\u201d, que tienen como objetivo realizar actividades<\/p>\n<div class=\"h10\"><\/div>\n<p><a class=\"more-link2 flat\" href=\"https:\/\/elconspirador.com.mx\/?p=36139\">Leer m\u00e1s<\/a><\/p>\n","protected":false},"author":1,"featured_media":36140,"comment_status":"open","ping_status":"open","sticky":false,"template":"","format":"standard","meta":{"om_disable_all_campaigns":false,"_uf_show_specific_survey":0,"_uf_disable_surveys":false},"categories":[1],"tags":[],"aioseo_notices":[],"_links":{"self":[{"href":"https:\/\/elconspirador.com.mx\/index.php?rest_route=\/wp\/v2\/posts\/36139"}],"collection":[{"href":"https:\/\/elconspirador.com.mx\/index.php?rest_route=\/wp\/v2\/posts"}],"about":[{"href":"https:\/\/elconspirador.com.mx\/index.php?rest_route=\/wp\/v2\/types\/post"}],"author":[{"embeddable":true,"href":"https:\/\/elconspirador.com.mx\/index.php?rest_route=\/wp\/v2\/users\/1"}],"replies":[{"embeddable":true,"href":"https:\/\/elconspirador.com.mx\/index.php?rest_route=%2Fwp%2Fv2%2Fcomments&post=36139"}],"version-history":[{"count":1,"href":"https:\/\/elconspirador.com.mx\/index.php?rest_route=\/wp\/v2\/posts\/36139\/revisions"}],"predecessor-version":[{"id":36141,"href":"https:\/\/elconspirador.com.mx\/index.php?rest_route=\/wp\/v2\/posts\/36139\/revisions\/36141"}],"wp:featuredmedia":[{"embeddable":true,"href":"https:\/\/elconspirador.com.mx\/index.php?rest_route=\/wp\/v2\/media\/36140"}],"wp:attachment":[{"href":"https:\/\/elconspirador.com.mx\/index.php?rest_route=%2Fwp%2Fv2%2Fmedia&parent=36139"}],"wp:term":[{"taxonomy":"category","embeddable":true,"href":"https:\/\/elconspirador.com.mx\/index.php?rest_route=%2Fwp%2Fv2%2Fcategories&post=36139"},{"taxonomy":"post_tag","embeddable":true,"href":"https:\/\/elconspirador.com.mx\/index.php?rest_route=%2Fwp%2Fv2%2Ftags&post=36139"}],"curies":[{"name":"wp","href":"https:\/\/api.w.org\/{rel}","templated":true}]}}