{"id":36151,"date":"2023-10-27T23:21:31","date_gmt":"2023-10-28T05:21:31","guid":{"rendered":"https:\/\/elconspirador.com.mx\/?p=36151"},"modified":"2023-10-27T23:21:31","modified_gmt":"2023-10-28T05:21:31","slug":"eligue-uaq-a-nueva-rectora-silvia-amaya","status":"publish","type":"post","link":"https:\/\/elconspirador.com.mx\/?p=36151","title":{"rendered":"ELIGUE UAQ A NUEVA RECTORA, SILVIA AMAYA"},"content":{"rendered":"<p>Silvia Lorena Amaya Llano fue electa, en segunda vuelta, como rectora de la Universidad Aut\u00f3noma de Quer\u00e9taro (UAQ).<\/p>\n<p>Entrevistada en la explanada de rector\u00eda, la directora de la facultad de Qu\u00edmica agradeci\u00f3 el apoyo de la comunidad universitaria y de su equipo de trabajo, y conmin\u00f3 a quienes no votaron por ella a unirse al proyecto de universidad que representar\u00e1.<\/p>\n<p>\u201cAgradecer a toda la comunidad, al equipo de trabajo y a todos los que estuvimos todos estos d\u00edas trabajando y tambi\u00e9n invitar a quienes no me favorecieron con su voto a unirnos, es un proyecto de universidad, finalmente la universidad es para todas y para todos\u201d, dijo.<\/p>\n<p>Se\u00f1al\u00f3 que, una vez que rinda protesta como rectora, trabajar\u00e1 en conciliar y reunificar a la universidad, y aprovech\u00f3 para reconocer la participaci\u00f3n de todas las candidaturas que participaron en el proceso.<\/p>\n<p>\u201cYo creo que, al final de cuentas, las y los candidatos hicimos nuestro mejor esfuerzo por presentar proyectos que pudieran, en diferentes perspectivas, resolver los retos de la universidad y es un proceso que nos deja mucha ense\u00f1anza en trabajar en unidad, en sumarnos y en lograr que la universidad siga posicion\u00e1ndose, mejorando. Ahora hay que sumar a todos\u201d, a\u00f1adi\u00f3.<\/p>\n<p>La virtual rectora indic\u00f3 que, una vez que en consejo universitario se declare su triunfo, comenzar\u00e1 con un diagn\u00f3stico y se reunir\u00e1 con el equipo de la actual Teresa Garc\u00eda para que, en conjunto con el nuevo equipo de trabajo, reciba los asuntos pendientes y reconoci\u00f3 que el reto principal al que se enfrenta el estado es al presupuesto.<\/p>\n<p>\u201cSeguiremos trabajando en que el presupuesto sea suficiente para seguir operando en todos los sentidos. Es importante escuchar a la comunidad estudiantil y entender sus demandas\u201d, consider\u00f3.<\/p>\n","protected":false},"excerpt":{"rendered":"<p>Silvia Lorena Amaya Llano fue electa, en segunda vuelta, como rectora de la Universidad Aut\u00f3noma de Quer\u00e9taro (UAQ). Entrevistada en la explanada de rector\u00eda, la directora de la facultad de Qu\u00edmica agradeci\u00f3 el apoyo de la comunidad universitaria y de su equipo de trabajo, y conmin\u00f3 a quienes no votaron por ella a unirse al proyecto de universidad que representar\u00e1.<\/p>\n<div class=\"h10\"><\/div>\n<p><a class=\"more-link2 flat\" href=\"https:\/\/elconspirador.com.mx\/?p=36151\">Leer m\u00e1s<\/a><\/p>\n","protected":false},"author":1,"featured_media":36153,"comment_status":"open","ping_status":"open","sticky":false,"template":"","format":"standard","meta":{"om_disable_all_campaigns":false,"_uf_show_specific_survey":0,"_uf_disable_surveys":false},"categories":[1],"tags":[],"aioseo_notices":[],"_links":{"self":[{"href":"https:\/\/elconspirador.com.mx\/index.php?rest_route=\/wp\/v2\/posts\/36151"}],"collection":[{"href":"https:\/\/elconspirador.com.mx\/index.php?rest_route=\/wp\/v2\/posts"}],"about":[{"href":"https:\/\/elconspirador.com.mx\/index.php?rest_route=\/wp\/v2\/types\/post"}],"author":[{"embeddable":true,"href":"https:\/\/elconspirador.com.mx\/index.php?rest_route=\/wp\/v2\/users\/1"}],"replies":[{"embeddable":true,"href":"https:\/\/elconspirador.com.mx\/index.php?rest_route=%2Fwp%2Fv2%2Fcomments&post=36151"}],"version-history":[{"count":1,"href":"https:\/\/elconspirador.com.mx\/index.php?rest_route=\/wp\/v2\/posts\/36151\/revisions"}],"predecessor-version":[{"id":36154,"href":"https:\/\/elconspirador.com.mx\/index.php?rest_route=\/wp\/v2\/posts\/36151\/revisions\/36154"}],"wp:featuredmedia":[{"embeddable":true,"href":"https:\/\/elconspirador.com.mx\/index.php?rest_route=\/wp\/v2\/media\/36153"}],"wp:attachment":[{"href":"https:\/\/elconspirador.com.mx\/index.php?rest_route=%2Fwp%2Fv2%2Fmedia&parent=36151"}],"wp:term":[{"taxonomy":"category","embeddable":true,"href":"https:\/\/elconspirador.com.mx\/index.php?rest_route=%2Fwp%2Fv2%2Fcategories&post=36151"},{"taxonomy":"post_tag","embeddable":true,"href":"https:\/\/elconspirador.com.mx\/index.php?rest_route=%2Fwp%2Fv2%2Ftags&post=36151"}],"curies":[{"name":"wp","href":"https:\/\/api.w.org\/{rel}","templated":true}]}}