{"id":36168,"date":"2023-10-28T16:25:36","date_gmt":"2023-10-28T22:25:36","guid":{"rendered":"https:\/\/elconspirador.com.mx\/?p=36168"},"modified":"2023-10-28T16:25:36","modified_gmt":"2023-10-28T22:25:36","slug":"evalua-la-capital-estrategias-por-temporada-de-lluvias","status":"publish","type":"post","link":"https:\/\/elconspirador.com.mx\/?p=36168","title":{"rendered":"EVAL\u00daA LA CAPITAL ESTRATEGIAS POR TEMPORADA DE LLUVIAS"},"content":{"rendered":"<p>&nbsp;<\/p>\n<p>En un esfuerzo continuo por procurar la seguridad y tranquilidad de las familias queretanas, el Presidente Municipal de Quer\u00e9taro, Luis Nava, encabez\u00f3 en el C4 de la Secretar\u00eda de Seguridad P\u00fablica Municipal, la Sesi\u00f3n Ordinaria del Consejo Municipal de Protecci\u00f3n Civil, para continuar evaluando las estrategias y medidas de prevenci\u00f3n en esta temporada de lluvias 2023.<\/p>\n<p>&#8220;Nuestra estrategia de atenci\u00f3n en la temporada de lluvias ha sido fundamental para abordar las afectaciones recientes provocadas por las lluvias del 26 y 27 de octubre. Por eso agradezco el esfuerzo de nuestro personal municipal, que ha estado junto a las familias para cuidar de ellas y de su patrimonio. Durante esta temporada de lluvias mantendremos el monitoreo con el objetivo de ver por la protecci\u00f3n y la tranquilidad de todas las familias queretanas&#8221;, dijo.<\/p>\n<p>Luis Nava reafirm\u00f3 el compromiso de continuar evaluando la situaci\u00f3n en estrecha colaboraci\u00f3n con el Gobierno del Estado y las autoridades federales, con el prop\u00f3sito de implementar todas las medidas necesarias para salvaguardar a la comunidad.<\/p>\n<p>Tambi\u00e9n reiter\u00f3 el llamado a la poblaci\u00f3n para reportar cualquier situaci\u00f3n de riesgo a trav\u00e9s de las l\u00edneas oficiales que son la l\u00ednea de atenci\u00f3n de emergencias 9-1-1 o el 070, lo que permitir\u00e1 al personal correspondiente atender cada situaci\u00f3n, de acuerdo con su nivel de prioridad.<\/p>\n<p>La reuni\u00f3n fue llevada por el Director de la Coordinaci\u00f3n Municipal de Protecci\u00f3n Civil, Francisco Ram\u00edrez, y participaron los Secretarios de: Gobierno, Seguridad P\u00fablica, Obras P\u00fablicas, Servicios P\u00fablicos y la Directora del Sistema Municopal DIF; tambi\u00e9n el Coordinador de Delegados y los Delegados de: Villa Cayetano Rubio, Santa Rosa J\u00e1uregui, Epigmenio Gonz\u00e1lez, Centro Hist\u00f3rico, Josefa Vergara, Carrillo Puerto y F\u00e9lix Osores Sotomayor.<\/p>\n","protected":false},"excerpt":{"rendered":"<p>&nbsp; En un esfuerzo continuo por procurar la seguridad y tranquilidad de las familias queretanas, el Presidente Municipal de Quer\u00e9taro, Luis Nava, encabez\u00f3 en el C4 de la Secretar\u00eda de Seguridad P\u00fablica Municipal, la Sesi\u00f3n Ordinaria del Consejo Municipal de Protecci\u00f3n Civil, para continuar evaluando las estrategias y medidas de prevenci\u00f3n en esta temporada de lluvias 2023. &#8220;Nuestra estrategia de<\/p>\n<div class=\"h10\"><\/div>\n<p><a class=\"more-link2 flat\" href=\"https:\/\/elconspirador.com.mx\/?p=36168\">Leer m\u00e1s<\/a><\/p>\n","protected":false},"author":1,"featured_media":36169,"comment_status":"open","ping_status":"open","sticky":false,"template":"","format":"standard","meta":{"om_disable_all_campaigns":false,"_uf_show_specific_survey":0,"_uf_disable_surveys":false},"categories":[1],"tags":[],"aioseo_notices":[],"_links":{"self":[{"href":"https:\/\/elconspirador.com.mx\/index.php?rest_route=\/wp\/v2\/posts\/36168"}],"collection":[{"href":"https:\/\/elconspirador.com.mx\/index.php?rest_route=\/wp\/v2\/posts"}],"about":[{"href":"https:\/\/elconspirador.com.mx\/index.php?rest_route=\/wp\/v2\/types\/post"}],"author":[{"embeddable":true,"href":"https:\/\/elconspirador.com.mx\/index.php?rest_route=\/wp\/v2\/users\/1"}],"replies":[{"embeddable":true,"href":"https:\/\/elconspirador.com.mx\/index.php?rest_route=%2Fwp%2Fv2%2Fcomments&post=36168"}],"version-history":[{"count":1,"href":"https:\/\/elconspirador.com.mx\/index.php?rest_route=\/wp\/v2\/posts\/36168\/revisions"}],"predecessor-version":[{"id":36170,"href":"https:\/\/elconspirador.com.mx\/index.php?rest_route=\/wp\/v2\/posts\/36168\/revisions\/36170"}],"wp:featuredmedia":[{"embeddable":true,"href":"https:\/\/elconspirador.com.mx\/index.php?rest_route=\/wp\/v2\/media\/36169"}],"wp:attachment":[{"href":"https:\/\/elconspirador.com.mx\/index.php?rest_route=%2Fwp%2Fv2%2Fmedia&parent=36168"}],"wp:term":[{"taxonomy":"category","embeddable":true,"href":"https:\/\/elconspirador.com.mx\/index.php?rest_route=%2Fwp%2Fv2%2Fcategories&post=36168"},{"taxonomy":"post_tag","embeddable":true,"href":"https:\/\/elconspirador.com.mx\/index.php?rest_route=%2Fwp%2Fv2%2Ftags&post=36168"}],"curies":[{"name":"wp","href":"https:\/\/api.w.org\/{rel}","templated":true}]}}