{"id":36175,"date":"2023-10-28T18:21:46","date_gmt":"2023-10-29T00:21:46","guid":{"rendered":"https:\/\/elconspirador.com.mx\/?p=36175"},"modified":"2023-10-28T18:21:46","modified_gmt":"2023-10-29T00:21:46","slug":"al-70-patio-de-maniobras-qrobus","status":"publish","type":"post","link":"https:\/\/elconspirador.com.mx\/?p=36175","title":{"rendered":"AL 70% P\u00c1TIO DE MANIOBRAS QROB\u00daS"},"content":{"rendered":"<p><span class=\"s14\"><span class=\"bumpedFont15\">El gobernador, Mauricio Kuri Gonz\u00e1lez, <\/span><\/span><span class=\"s14\"><span class=\"bumpedFont15\">supervis\u00f3<\/span><\/span> <span class=\"s14\"><span class=\"bumpedFont15\">los trabajos<\/span><\/span> <span class=\"s14\"><span class=\"bumpedFont15\">que <\/span><\/span><span class=\"s14\"><span class=\"bumpedFont15\">se <\/span><\/span><span class=\"s14\"><span class=\"bumpedFont15\">realizan <\/span><\/span><span class=\"s14\"><span class=\"bumpedFont15\">en<\/span><\/span> <span class=\"s14\"><span class=\"bumpedFont15\">la construcci\u00f3n del patio<\/span><\/span><span class=\"s14\"><span class=\"bumpedFont15\"> de maniobras de la<\/span><\/span> <span class=\"s14\"><span class=\"bumpedFont15\">Agencia de Movilidad del Estado (AMEQ),<\/span><\/span><span class=\"s14\"><span class=\"bumpedFont15\"> infraestructura <\/span><\/span><span class=\"s14\"><span class=\"bumpedFont15\">que <\/span><\/span><span class=\"s14\"><span class=\"bumpedFont15\">registra un avance <\/span><\/span><span class=\"s14\"><span class=\"bumpedFont15\">superior al<\/span><\/span><span class=\"s14\"><span class=\"bumpedFont15\"> 70 por ciento<\/span><\/span><span class=\"s14\"><span class=\"bumpedFont15\"> y que<\/span><\/span><span class=\"s14\"><span class=\"bumpedFont15\">,<\/span><\/span><span class=\"s14\"><span class=\"bumpedFont15\"> mediante <\/span><\/span><span class=\"s14\"><span class=\"bumpedFont15\">una inversi\u00f3n <\/span><\/span><span class=\"s14\"><span class=\"bumpedFont15\">cercana a <\/span><\/span><span class=\"s14\"><span class=\"bumpedFont15\">los <\/span><\/span><span class=\"s14\"><span class=\"bumpedFont15\">100<\/span><\/span><span class=\"s14\"><span class=\"bumpedFont15\"> millones de pesos<\/span><\/span><span class=\"s14\"><span class=\"bumpedFont15\">,<\/span><\/span><span class=\"s14\"><span class=\"bumpedFont15\"> se <\/span><\/span><span class=\"s14\"><span class=\"bumpedFont15\">consolidar\u00e1 como <\/span><\/span><span class=\"s14\"><span class=\"bumpedFont15\">un espacio seguro para el resguardo y mantenimiento de las unidades del transporte p\u00fablico Qrob<\/span><\/span><span class=\"s14\"><span class=\"bumpedFont15\">us.<\/span><\/span><\/p>\n<p>&nbsp;<\/p>\n<p><span class=\"s14\"><span class=\"bumpedFont15\">Durante su visita a la obra, el mandatario<\/span><\/span> <span class=\"s14\"><span class=\"bumpedFont15\">estatal <\/span><\/span><span class=\"s14\"><span class=\"bumpedFont15\">constat\u00f3 el desarrollo del proyecto <\/span><\/span><span class=\"s14\"><span class=\"bumpedFont15\">que tambi\u00e9n <\/span><\/span><span class=\"s14\"><span class=\"bumpedFont15\">incluye <\/span><\/span><span class=\"s14\"><span class=\"bumpedFont15\">un \u00e1rea de <\/span><\/span><span class=\"s14\"><span class=\"bumpedFont15\">estacionamiento<\/span><\/span><span class=\"s14\"><span class=\"bumpedFont15\"> y que se ubica en la <\/span><\/span><span class=\"s14\"><span class=\"bumpedFont15\">zona<\/span><\/span><span class=\"s14\"><span class=\"bumpedFont15\">norte de la ciudad;<\/span><\/span> <span class=\"s14\"><span class=\"bumpedFont15\">el patio de maniobras<\/span><\/span> <span class=\"s14\"><span class=\"bumpedFont15\">albergar\u00e1 <\/span><\/span><span class=\"s14\"><span class=\"bumpedFont15\">a <\/span><\/span><span class=\"s14\"><span class=\"bumpedFont15\">m\u00e1s<\/span><\/span><span class=\"s14\"><span class=\"bumpedFont15\"> de <\/span><\/span><span class=\"s14\"><span class=\"bumpedFont15\">200 autobuses<\/span><\/span><span class=\"s14\"><span class=\"bumpedFont15\">, entre ellos 16 articulados,<\/span><\/span><span class=\"s14\"><span class=\"bumpedFont15\"> y <\/span><\/span><span class=\"s14\"><span class=\"bumpedFont15\">es parte integral del nuevo <\/span><\/span><span class=\"s14\"><span class=\"bumpedFont15\">sistema de movilidad de Quer\u00e9taro<\/span><\/span> <span class=\"s14\"><span class=\"bumpedFont15\">que<\/span><\/span> <span class=\"s14\"><span class=\"bumpedFont15\">tiene en marcha la presente administraci\u00f3n<\/span><\/span> <span class=\"s14\"><span class=\"bumpedFont15\">para beneficio de las y los queretanos.<\/span><\/span><\/p>\n<p>&nbsp;<\/p>\n<p><span class=\"s14\"><span class=\"bumpedFont15\">E<\/span><\/span><span class=\"s14\"><span class=\"bumpedFont15\">l<\/span><\/span><span class=\"s14\"><span class=\"bumpedFont15\"> secr<\/span><\/span><span class=\"s14\"><span class=\"bumpedFont15\">etario de Desarrollo Urbano y Obras P\u00fablicas<\/span><\/span><span class=\"s14\"><span class=\"bumpedFont15\">,<\/span><\/span><span class=\"s14\"><span class=\"bumpedFont15\">Fernando Gonz\u00e1lez Salinas,<\/span><\/span><span class=\"s14\"><span class=\"bumpedFont15\"> inform\u00f3 <\/span><\/span><span class=\"s14\"><span class=\"bumpedFont15\">los detalles de<\/span><\/span><span class=\"s14\"><span class=\"bumpedFont15\">l complejo<\/span><\/span><span class=\"s14\"><span class=\"bumpedFont15\">,<\/span><\/span> <span class=\"s14\"><span class=\"bumpedFont15\">mismo que tienen proyectado concluir en diciembre<\/span><\/span><span class=\"s14\"><span class=\"bumpedFont15\"> pr\u00f3ximo<\/span><\/span><span class=\"s14\"><span class=\"bumpedFont15\">, y <\/span><\/span><span class=\"s14\"><span class=\"bumpedFont15\">que<\/span><\/span> <span class=\"s14\"><span class=\"bumpedFont15\">con<\/span><\/span><span class=\"s14\"><span class=\"bumpedFont15\"> sus tres etapas<\/span><\/span><span class=\"s14\"><span class=\"bumpedFont15\">garantizar\u00e1 <\/span><\/span><span class=\"s14\"><span class=\"bumpedFont15\">las condiciones de mantenimiento<\/span><\/span> <span class=\"s14\"><span class=\"bumpedFont15\">del sistema de transporte p\u00fablico<\/span><\/span><span class=\"s14\"><span class=\"bumpedFont15\">.<\/span><\/span><\/p>\n<p>&nbsp;<\/p>\n<p><span class=\"s14\"><span class=\"bumpedFont15\">Gonz\u00e1lez Salinas, <\/span><\/span><span class=\"s14\"><span class=\"bumpedFont15\">explic\u00f3 que el patio de maniobras <\/span><\/span><span class=\"s14\"><span class=\"bumpedFont15\">contar\u00e1 con <\/span><\/span><span class=\"s14\"><span class=\"bumpedFont15\">caseta de vigilancia, oficinas administrativas<\/span><\/span><span class=\"s14\"><span class=\"bumpedFont15\"> de dos niveles<\/span><\/span><span class=\"s14\"><span class=\"bumpedFont15\"> y cisterna<\/span><\/span><span class=\"s14\"><span class=\"bumpedFont15\">; as\u00ed como<\/span><\/span><span class=\"s14\"><span class=\"bumpedFont15\"> con una plataforma de concreto para taller, plataforma para carril de lavad<\/span><\/span><span class=\"s14\"><span class=\"bumpedFont15\">o, y<\/span><\/span><span class=\"s14\"><span class=\"bumpedFont15\"> para estaci\u00f3n de gas<\/span><\/span><span class=\"s14\"><span class=\"bumpedFont15\">; adem\u00e1s colocar\u00e1n <\/span><\/span><span class=\"s14\"><span class=\"bumpedFont15\">carpeta asf\u00e1ltica en <\/span><\/span><span class=\"s14\"><span class=\"bumpedFont15\">una <\/span><\/span><span class=\"s14\"><span class=\"bumpedFont15\">superficie<\/span><\/span><span class=\"s14\"><span class=\"bumpedFont15\"> de 17 mil 800 metros cuadrados<\/span><\/span><span class=\"s14\"><span class=\"bumpedFont15\">.<\/span><\/span><\/p>\n<p>&nbsp;<\/p>\n<p><span class=\"s14\"><span class=\"bumpedFont15\">Como <\/span><\/span><span class=\"s14\"><span class=\"bumpedFont15\">parte de los trabajo<\/span><\/span><span class=\"s14\"><span class=\"bumpedFont15\">s<\/span><\/span><span class=\"s14\"><span class=\"bumpedFont15\">, report\u00f3 que <\/span><\/span><span class=\"s14\"><span class=\"bumpedFont15\">realiza<\/span><\/span><span class=\"s14\"><span class=\"bumpedFont15\">n<\/span><\/span><span class=\"s14\"><span class=\"bumpedFont15\"> la <\/span><\/span><span class=\"s14\"><span class=\"bumpedFont15\">r<\/span><\/span><span class=\"s14\"><span class=\"bumpedFont15\">eubicaci\u00f3n <\/span><\/span><span class=\"s14\"><span class=\"bumpedFont15\">de<\/span><\/span><span class=\"s14\"><span class=\"bumpedFont15\"> l\u00ednea de alta tensi\u00f3n <\/span><\/span><span class=\"s14\"><span class=\"bumpedFont15\">y<\/span><\/span> <span class=\"s14\"><span class=\"bumpedFont15\">al<\/span><\/span><span class=\"s14\"><span class=\"bumpedFont15\">umbrado<\/span><\/span><span class=\"s14\"><span class=\"bumpedFont15\">;<\/span><\/span><span class=\"s14\"><span class=\"bumpedFont15\">tambi\u00e9n <\/span><\/span><span class=\"s14\"><span class=\"bumpedFont15\">contempla <\/span><\/span><span class=\"s14\"><span class=\"bumpedFont15\">la instalaci\u00f3n de <\/span><\/span><span class=\"s14\"><span class=\"bumpedFont15\">dos <\/span><\/span><span class=\"s14\"><span class=\"bumpedFont15\">mil <\/span><\/span><span class=\"s14\"><span class=\"bumpedFont15\">748 metros cuadrados de \u00e1rea verde<\/span><\/span><span class=\"s14\"><span class=\"bumpedFont15\">, todo ello, dijo,<\/span><\/span> <span class=\"s14\"><span class=\"bumpedFont15\">con la finalidad de contar con un espacio adecuado para el constante mantenimiento de las unidades.<\/span><\/span><\/p>\n<p>&nbsp;<\/p>\n<p><span class=\"s14\"><span class=\"bumpedFont15\">E<\/span><\/span><span class=\"s14\"><span class=\"bumpedFont15\">n tanto, el <\/span><\/span><span class=\"s14\"><span class=\"bumpedFont15\">director General de la <\/span><\/span><span class=\"s14\"><span class=\"bumpedFont15\">AMEQ,<\/span><\/span><span class=\"s14\"><span class=\"bumpedFont15\"> Gerardo Cuanalo Santos,<\/span><\/span><span class=\"s14\"><span class=\"bumpedFont15\"> ponder\u00f3 <\/span><\/span><span class=\"s14\"><span class=\"bumpedFont15\">que este <\/span><\/span><span class=\"s14\"><span class=\"bumpedFont15\">nuevo <\/span><\/span><span class=\"s14\"><span class=\"bumpedFont15\">espacio<\/span><\/span> <span class=\"s14\"><span class=\"bumpedFont15\">ser\u00e1 el<\/span><\/span><span class=\"s14\"><span class=\"bumpedFont15\">centro<\/span><\/span><span class=\"s14\"><span class=\"bumpedFont15\"> de operaci\u00f3n neur\u00e1lgico <\/span><\/span><span class=\"s14\"><span class=\"bumpedFont15\">desde donde se<\/span><\/span><span class=\"s14\"><span class=\"bumpedFont15\">distribuir\u00e1n <\/span><\/span><span class=\"s14\"><span class=\"bumpedFont15\">las unidades de todas las rutas que <\/span><\/span><span class=\"s14\"><span class=\"bumpedFont15\">operan<\/span><\/span><span class=\"s14\"><span class=\"bumpedFont15\">en la ciudad<\/span><\/span><span class=\"s14\"><span class=\"bumpedFont15\"> y en <\/span><\/span><span class=\"s14\"><span class=\"bumpedFont15\">esta primera <\/span><\/span><span class=\"s14\"><span class=\"bumpedFont15\">etap<\/span><\/span><span class=\"s14\"><span class=\"bumpedFont15\">a, precis\u00f3, <\/span><\/span><span class=\"s14\"><span class=\"bumpedFont15\">se cubrir\u00e1n las troncales que son las rutas m\u00e1s importantes<\/span><\/span><span class=\"s14\"><span class=\"bumpedFont15\">, con lo que se busca <\/span><\/span><span class=\"s14\"><span class=\"bumpedFont15\">fortalecer <\/span><\/span><span class=\"s14\"><span class=\"bumpedFont15\">el servicio <\/span><\/span><span class=\"s14\"><span class=\"bumpedFont15\">y que sea de calidad para la ciudadan\u00eda.<\/span><\/span><\/p>\n","protected":false},"excerpt":{"rendered":"<p>El gobernador, Mauricio Kuri Gonz\u00e1lez, supervis\u00f3 los trabajos que se realizan en la construcci\u00f3n del patio de maniobras de la Agencia de Movilidad del Estado (AMEQ), infraestructura que registra un avance superior al 70 por ciento y que, mediante una inversi\u00f3n cercana a los 100 millones de pesos, se consolidar\u00e1 como un espacio seguro para el resguardo y mantenimiento de<\/p>\n<div class=\"h10\"><\/div>\n<p><a class=\"more-link2 flat\" href=\"https:\/\/elconspirador.com.mx\/?p=36175\">Leer m\u00e1s<\/a><\/p>\n","protected":false},"author":1,"featured_media":36176,"comment_status":"open","ping_status":"open","sticky":false,"template":"","format":"standard","meta":{"om_disable_all_campaigns":false,"_uf_show_specific_survey":0,"_uf_disable_surveys":false},"categories":[1],"tags":[],"aioseo_notices":[],"_links":{"self":[{"href":"https:\/\/elconspirador.com.mx\/index.php?rest_route=\/wp\/v2\/posts\/36175"}],"collection":[{"href":"https:\/\/elconspirador.com.mx\/index.php?rest_route=\/wp\/v2\/posts"}],"about":[{"href":"https:\/\/elconspirador.com.mx\/index.php?rest_route=\/wp\/v2\/types\/post"}],"author":[{"embeddable":true,"href":"https:\/\/elconspirador.com.mx\/index.php?rest_route=\/wp\/v2\/users\/1"}],"replies":[{"embeddable":true,"href":"https:\/\/elconspirador.com.mx\/index.php?rest_route=%2Fwp%2Fv2%2Fcomments&post=36175"}],"version-history":[{"count":1,"href":"https:\/\/elconspirador.com.mx\/index.php?rest_route=\/wp\/v2\/posts\/36175\/revisions"}],"predecessor-version":[{"id":36177,"href":"https:\/\/elconspirador.com.mx\/index.php?rest_route=\/wp\/v2\/posts\/36175\/revisions\/36177"}],"wp:featuredmedia":[{"embeddable":true,"href":"https:\/\/elconspirador.com.mx\/index.php?rest_route=\/wp\/v2\/media\/36176"}],"wp:attachment":[{"href":"https:\/\/elconspirador.com.mx\/index.php?rest_route=%2Fwp%2Fv2%2Fmedia&parent=36175"}],"wp:term":[{"taxonomy":"category","embeddable":true,"href":"https:\/\/elconspirador.com.mx\/index.php?rest_route=%2Fwp%2Fv2%2Fcategories&post=36175"},{"taxonomy":"post_tag","embeddable":true,"href":"https:\/\/elconspirador.com.mx\/index.php?rest_route=%2Fwp%2Fv2%2Ftags&post=36175"}],"curies":[{"name":"wp","href":"https:\/\/api.w.org\/{rel}","templated":true}]}}