{"id":36178,"date":"2023-10-28T21:21:57","date_gmt":"2023-10-29T03:21:57","guid":{"rendered":"https:\/\/elconspirador.com.mx\/?p=36178"},"modified":"2023-10-28T21:21:57","modified_gmt":"2023-10-29T03:21:57","slug":"asesinan-a-propietario-de-la-barbacoa-santiago","status":"publish","type":"post","link":"https:\/\/elconspirador.com.mx\/?p=36178","title":{"rendered":"ASESINAN A PROPIETARIO DE LA BARBACOA \u201cSANTIAGO\u201d"},"content":{"rendered":"<p>Esta tarde al menos un sujeto priv\u00f3 de la vida al propietario del negocio, la Barbacoa de Santiago, ubicada en la carretera M\u00e9xico &#8211; Quer\u00e9taro, a poco metros de la caseta de cobro de Palmillas, en San Juan del R\u00edo.<\/p>\n<p>A\u00fan que en el lugar se manejaron varias versiones, entre las que se mencionaba que habr\u00edan Sido varios sujetos los que con armas largas rafaguearon el negocio, otras afirmaron que habr\u00eda sido un solo sujeto quien entr\u00f3 y descarg\u00f3 un arma de fuego contra el due\u00f1o del lugar.<\/p>\n<p>Tras el reporte a la l\u00ednea de emergencias 911, al lugar se movilizaron param\u00e9dicos y servicios de emergencia, quienes a su llegada solo pudieron confirmar que la v\u00edctima ya no contaba con signos vitales, por lo que nada pudieron hacer para salvarle la vida.<\/p>\n<p>Elementos de la polic\u00eda municipal, estatal y efectivos del Ej\u00e9rcito Mexicano resguardaron el lugar y acordonaron ampliamente la zona en espera del personal de la Fiscal\u00eda del Estado, para dar inicio a las diligencias correspondientes.<\/p>\n<p>Polic\u00edas de Investigaci\u00f3n del Delito iniciaron con las entrevistas y recopilaci\u00f3n de informaci\u00f3n que aporte a las indagatorias, mientras que peritos procesaron la escena del crimen y levantaron el cuerpo para trasladarlo al Semefo.<\/p>\n<p>La Secretar\u00eda de Seguridad P\u00fablica Municipal de San Juan del R\u00edo inform\u00f3, que se activaron los protocolos de b\u00fasqueda de un veh\u00edculo, en el habr\u00edan escapado el o los agresores con rumbo desconocido.<\/p>\n","protected":false},"excerpt":{"rendered":"<p>Esta tarde al menos un sujeto priv\u00f3 de la vida al propietario del negocio, la Barbacoa de Santiago, ubicada en la carretera M\u00e9xico &#8211; Quer\u00e9taro, a poco metros de la caseta de cobro de Palmillas, en San Juan del R\u00edo. A\u00fan que en el lugar se manejaron varias versiones, entre las que se mencionaba que habr\u00edan Sido varios sujetos los<\/p>\n<div class=\"h10\"><\/div>\n<p><a class=\"more-link2 flat\" href=\"https:\/\/elconspirador.com.mx\/?p=36178\">Leer m\u00e1s<\/a><\/p>\n","protected":false},"author":1,"featured_media":36179,"comment_status":"open","ping_status":"open","sticky":false,"template":"","format":"standard","meta":{"om_disable_all_campaigns":false,"_uf_show_specific_survey":0,"_uf_disable_surveys":false},"categories":[1],"tags":[],"aioseo_notices":[],"_links":{"self":[{"href":"https:\/\/elconspirador.com.mx\/index.php?rest_route=\/wp\/v2\/posts\/36178"}],"collection":[{"href":"https:\/\/elconspirador.com.mx\/index.php?rest_route=\/wp\/v2\/posts"}],"about":[{"href":"https:\/\/elconspirador.com.mx\/index.php?rest_route=\/wp\/v2\/types\/post"}],"author":[{"embeddable":true,"href":"https:\/\/elconspirador.com.mx\/index.php?rest_route=\/wp\/v2\/users\/1"}],"replies":[{"embeddable":true,"href":"https:\/\/elconspirador.com.mx\/index.php?rest_route=%2Fwp%2Fv2%2Fcomments&post=36178"}],"version-history":[{"count":1,"href":"https:\/\/elconspirador.com.mx\/index.php?rest_route=\/wp\/v2\/posts\/36178\/revisions"}],"predecessor-version":[{"id":36180,"href":"https:\/\/elconspirador.com.mx\/index.php?rest_route=\/wp\/v2\/posts\/36178\/revisions\/36180"}],"wp:featuredmedia":[{"embeddable":true,"href":"https:\/\/elconspirador.com.mx\/index.php?rest_route=\/wp\/v2\/media\/36179"}],"wp:attachment":[{"href":"https:\/\/elconspirador.com.mx\/index.php?rest_route=%2Fwp%2Fv2%2Fmedia&parent=36178"}],"wp:term":[{"taxonomy":"category","embeddable":true,"href":"https:\/\/elconspirador.com.mx\/index.php?rest_route=%2Fwp%2Fv2%2Fcategories&post=36178"},{"taxonomy":"post_tag","embeddable":true,"href":"https:\/\/elconspirador.com.mx\/index.php?rest_route=%2Fwp%2Fv2%2Ftags&post=36178"}],"curies":[{"name":"wp","href":"https:\/\/api.w.org\/{rel}","templated":true}]}}