{"id":36198,"date":"2023-10-29T13:26:14","date_gmt":"2023-10-29T19:26:14","guid":{"rendered":"https:\/\/elconspirador.com.mx\/?p=36198"},"modified":"2023-10-29T13:26:14","modified_gmt":"2023-10-29T19:26:14","slug":"anuncia-santiago-nieto-que-va-por-el-senado","status":"publish","type":"post","link":"https:\/\/elconspirador.com.mx\/?p=36198","title":{"rendered":"ANUNCIA SANTIAGO NIETO QUE V\u00c1 POR EL SENADO"},"content":{"rendered":"<p class=\"s4\"><span class=\"s12\">Santiago Nieto Castillo <\/span><span class=\"s12\">declar\u00f3 que esta semana <\/span><span class=\"s12\">se estar\u00e1 registrando en la convocato<\/span><span class=\"s12\">ri<\/span><span class=\"s12\">a de More<\/span><span class=\"s12\">n<\/span><span class=\"s12\">a para el Senado de la Rep\u00fablica en Quer\u00e9taro. Come<\/span><span class=\"s12\">n<\/span><span class=\"s12\">t\u00f3 que se reunir\u00e1 con el <\/span><span class=\"s12\">Gobernador Julio Menchaca <\/span><span class=\"s12\">el d\u00eda lunes para pedir licencia. <\/span><\/p>\n<p class=\"s4\">\n<p class=\"s4\"><span class=\"s12\">El morenista <\/span><span class=\"s12\">afirm\u00f3 que<\/span> <span class=\"s12\">el partido tiene un crecimiento impactante a nivel nacional y en Quer\u00e9taro no s\u00e9ra la excepci\u00f3n. <\/span><\/p>\n<p class=\"s4\">\n<p class=\"s4\"><span class=\"s12\">En la rueda de prensa estuvo acompa\u00f1ado por la consejera estatal Roc\u00edo Rojas, y las delegadas federale<\/span><span class=\"s12\">s<\/span><span class=\"s12\"> Paloma Arce y Beatriz Robles, quiene tambi\u00e9n externaron su inter\u00e9s para registrarse en la co<\/span><span class=\"s12\">n<\/span><span class=\"s12\">vocatoria y competir para completar la f\u00f3rmula al senado. \u00a0<\/span><\/p>\n<p class=\"s4\">\n<p class=\"s4\"><span class=\"s12\">Adem\u00e1s este fin de semana <\/span><span class=\"s12\">Santiago<\/span><span class=\"s12\"> Nieto visit\u00f3 una parte de la sierra queretana para tomar protesta a los comit\u00e9s de defensa de la 4T. <\/span><span class=\"s12\">En la comunidad de Agua Fr\u00eda, en Pe\u00f1amiller, m\u00e1s de 200 personas refrendaron su compromiso con el proyecto de transformaci\u00f3n. Mientras que en Aguacatl<\/span><span class=\"s12\">\u00e1<\/span><span class=\"s12\">n, Pinal de Amoles, alrededor de 300 militantes mostraron simpat\u00eda con el mensaje de Nieto Castillo.<\/span><\/p>\n","protected":false},"excerpt":{"rendered":"<p>Santiago Nieto Castillo declar\u00f3 que esta semana se estar\u00e1 registrando en la convocatoria de Morena para el Senado de la Rep\u00fablica en Quer\u00e9taro. Coment\u00f3 que se reunir\u00e1 con el Gobernador Julio Menchaca el d\u00eda lunes para pedir licencia. El morenista afirm\u00f3 que el partido tiene un crecimiento impactante a nivel nacional y en Quer\u00e9taro no s\u00e9ra la excepci\u00f3n. En la<\/p>\n<div class=\"h10\"><\/div>\n<p><a class=\"more-link2 flat\" href=\"https:\/\/elconspirador.com.mx\/?p=36198\">Leer m\u00e1s<\/a><\/p>\n","protected":false},"author":1,"featured_media":36199,"comment_status":"open","ping_status":"open","sticky":false,"template":"","format":"standard","meta":{"om_disable_all_campaigns":false,"_uf_show_specific_survey":0,"_uf_disable_surveys":false},"categories":[1],"tags":[],"aioseo_notices":[],"_links":{"self":[{"href":"https:\/\/elconspirador.com.mx\/index.php?rest_route=\/wp\/v2\/posts\/36198"}],"collection":[{"href":"https:\/\/elconspirador.com.mx\/index.php?rest_route=\/wp\/v2\/posts"}],"about":[{"href":"https:\/\/elconspirador.com.mx\/index.php?rest_route=\/wp\/v2\/types\/post"}],"author":[{"embeddable":true,"href":"https:\/\/elconspirador.com.mx\/index.php?rest_route=\/wp\/v2\/users\/1"}],"replies":[{"embeddable":true,"href":"https:\/\/elconspirador.com.mx\/index.php?rest_route=%2Fwp%2Fv2%2Fcomments&post=36198"}],"version-history":[{"count":1,"href":"https:\/\/elconspirador.com.mx\/index.php?rest_route=\/wp\/v2\/posts\/36198\/revisions"}],"predecessor-version":[{"id":36200,"href":"https:\/\/elconspirador.com.mx\/index.php?rest_route=\/wp\/v2\/posts\/36198\/revisions\/36200"}],"wp:featuredmedia":[{"embeddable":true,"href":"https:\/\/elconspirador.com.mx\/index.php?rest_route=\/wp\/v2\/media\/36199"}],"wp:attachment":[{"href":"https:\/\/elconspirador.com.mx\/index.php?rest_route=%2Fwp%2Fv2%2Fmedia&parent=36198"}],"wp:term":[{"taxonomy":"category","embeddable":true,"href":"https:\/\/elconspirador.com.mx\/index.php?rest_route=%2Fwp%2Fv2%2Fcategories&post=36198"},{"taxonomy":"post_tag","embeddable":true,"href":"https:\/\/elconspirador.com.mx\/index.php?rest_route=%2Fwp%2Fv2%2Ftags&post=36198"}],"curies":[{"name":"wp","href":"https:\/\/api.w.org\/{rel}","templated":true}]}}