{"id":36228,"date":"2023-10-30T11:02:49","date_gmt":"2023-10-30T17:02:49","guid":{"rendered":"https:\/\/elconspirador.com.mx\/?p=36228"},"modified":"2023-10-30T11:02:49","modified_gmt":"2023-10-30T17:02:49","slug":"queretano-gana-bronce-en-judo","status":"publish","type":"post","link":"https:\/\/elconspirador.com.mx\/?p=36228","title":{"rendered":"QUERETANO GANA BRONCE EN JUDO"},"content":{"rendered":"<p>Gilberto Cardoso, atleta queretano en la especialidad de Judo, obtuvo la medalla de bronce en la categor\u00eda -73 Kg, en los Juegos Panamericanos de Santiago 2023, luego de vencer en punto de oro a su similar de Colombia Andr\u00e9s Felipe Sandoval.<\/p>\n<p>&nbsp;<\/p>\n<p>\u201cEs una medalla que hab\u00eda so\u00f1ado desde hace algunos a\u00f1os. Me hab\u00eda propuesto que yo ser\u00eda el representante de M\u00e9xico en los Panamericanos, con una medalla y aqu\u00ed estoy. Fue un d\u00eda largo, fueron combates muy dif\u00edciles sin embargo lo supe llevar y aqu\u00ed estoy con esta nueva presea\u201d, fueron las primeras palabras del queretano despu\u00e9s de su subir al podio.<\/p>\n<p>&nbsp;<\/p>\n<p>Gilberto perdi\u00f3 su primer combate ante el brasile\u00f1o Gabriel Falcao (1-0) sin embargo pudo recuperarse en el repechaje al enfrentar al cubano Magdiel Estrada al que venci\u00f3 por IPPON al hacer caer a su rival sobre su espalda y as\u00ed se perfil\u00f3 para disputar el bronce ante el colombiano Andr\u00e9s Felipe Sandoval a quien venci\u00f3 hacerlo rendirse y ganar 1-0.<\/p>\n<p>&nbsp;<\/p>\n<p>\u201cEsta medalla significa mucho esfuerzo, mucha dedicaci\u00f3n, sobretodo mucho amor y mucho coraz\u00f3n ha mi deporte pero tambi\u00e9n esto es un orgullo para M\u00e9xico y para Quer\u00e9taro\u201d, mencion\u00f3.<\/p>\n<p>&nbsp;<\/p>\n<p>De la misma forma, Gilberto Cardoso recibi\u00f3 la llamada de la directora del INDEREQ, Iridia Salazar quien lo felicit\u00f3 y le reiter\u00f3 el apoyo de Quer\u00e9taro, del gobierno y del instituto en todo momento.<\/p>\n<p>&nbsp;<\/p>\n<p>La actividad para Gilberto a\u00fan no termina, ya que el pr\u00f3ximo martes competir\u00e1 en la modalidad por equipos en la que buscar\u00e1 una segunda presea en esta justa panamericana.<\/p>\n<p>&nbsp;<\/p>\n<p>El judoca tambi\u00e9n ya est\u00e1 pensando en buscar su plaza individual en los Juegos Ol\u00edmpicos de Par\u00eds 2024 y para ello tendr\u00e1 que superar el proceso y ya tiene planeado competir en Australia en dos semanas para buscar puntos que le den el ranqueo necesario para llegar a la justa ol\u00edmpica.<\/p>\n","protected":false},"excerpt":{"rendered":"<p>Gilberto Cardoso, atleta queretano en la especialidad de Judo, obtuvo la medalla de bronce en la categor\u00eda -73 Kg, en los Juegos Panamericanos de Santiago 2023, luego de vencer en punto de oro a su similar de Colombia Andr\u00e9s Felipe Sandoval. &nbsp; \u201cEs una medalla que hab\u00eda so\u00f1ado desde hace algunos a\u00f1os. Me hab\u00eda propuesto que yo ser\u00eda el representante<\/p>\n<div class=\"h10\"><\/div>\n<p><a class=\"more-link2 flat\" href=\"https:\/\/elconspirador.com.mx\/?p=36228\">Leer m\u00e1s<\/a><\/p>\n","protected":false},"author":1,"featured_media":36229,"comment_status":"open","ping_status":"open","sticky":false,"template":"","format":"standard","meta":{"om_disable_all_campaigns":false,"_uf_show_specific_survey":0,"_uf_disable_surveys":false},"categories":[1],"tags":[],"aioseo_notices":[],"_links":{"self":[{"href":"https:\/\/elconspirador.com.mx\/index.php?rest_route=\/wp\/v2\/posts\/36228"}],"collection":[{"href":"https:\/\/elconspirador.com.mx\/index.php?rest_route=\/wp\/v2\/posts"}],"about":[{"href":"https:\/\/elconspirador.com.mx\/index.php?rest_route=\/wp\/v2\/types\/post"}],"author":[{"embeddable":true,"href":"https:\/\/elconspirador.com.mx\/index.php?rest_route=\/wp\/v2\/users\/1"}],"replies":[{"embeddable":true,"href":"https:\/\/elconspirador.com.mx\/index.php?rest_route=%2Fwp%2Fv2%2Fcomments&post=36228"}],"version-history":[{"count":1,"href":"https:\/\/elconspirador.com.mx\/index.php?rest_route=\/wp\/v2\/posts\/36228\/revisions"}],"predecessor-version":[{"id":36230,"href":"https:\/\/elconspirador.com.mx\/index.php?rest_route=\/wp\/v2\/posts\/36228\/revisions\/36230"}],"wp:featuredmedia":[{"embeddable":true,"href":"https:\/\/elconspirador.com.mx\/index.php?rest_route=\/wp\/v2\/media\/36229"}],"wp:attachment":[{"href":"https:\/\/elconspirador.com.mx\/index.php?rest_route=%2Fwp%2Fv2%2Fmedia&parent=36228"}],"wp:term":[{"taxonomy":"category","embeddable":true,"href":"https:\/\/elconspirador.com.mx\/index.php?rest_route=%2Fwp%2Fv2%2Fcategories&post=36228"},{"taxonomy":"post_tag","embeddable":true,"href":"https:\/\/elconspirador.com.mx\/index.php?rest_route=%2Fwp%2Fv2%2Ftags&post=36228"}],"curies":[{"name":"wp","href":"https:\/\/api.w.org\/{rel}","templated":true}]}}