{"id":36235,"date":"2023-10-30T12:55:11","date_gmt":"2023-10-30T18:55:11","guid":{"rendered":"https:\/\/elconspirador.com.mx\/?p=36235"},"modified":"2023-10-30T12:55:11","modified_gmt":"2023-10-30T18:55:11","slug":"muere-al-ser-arrollado-por-camioneta-de-transporte-de-personal","status":"publish","type":"post","link":"https:\/\/elconspirador.com.mx\/?p=36235","title":{"rendered":"MUERE AL SER ARROLLADO POR CAMIONETA DE TRANSPORTE DE PERSONAL"},"content":{"rendered":"<p>La ma\u00f1ana de este lunes, se registr\u00f3 un lamentable accidente, que cobr\u00f3 la vida de una persona al ser arrollada por una camioneta de transporte de personal, en el municipio de El Marqu\u00e9s.<\/p>\n<p>La persona cruzaba la carretera estatal 210 a la altura del fraccionamiento Los Encinos, cuando fue embestido por una camioneta de la empresa transportes San Jos\u00e9, la cual la proyect\u00f3 violentamente a la carpeta asf\u00e1ltica, d\u00f3nde qued\u00f3 tendida.<\/p>\n<p>Tras el reporte a la l\u00ednea de emergencias 911, al lugar se moviliz\u00f3 personal de emergencias de Protecci\u00f3n Civil, quienes a su arribo solo pudieron confirmar que la v\u00edctima ya no contaba con signos vitales, por lo que nada pudieron hacer para salvarle la vida.<\/p>\n<p>Elementos de la polic\u00eda municipal acudieron como primeros respondientes, quienes acordonaron la zona del fatal percance y dieron aviso a la Fiscal\u00eda del Estado, para dar inicio a las diligencias correspondientes.<\/p>\n<p>Personal pericial ser\u00e1 el encargado de procesar la zona del accidente, as\u00ed como de levantar el cuerpo para trasladarlo a las instalaciones del Servicio M\u00e9dico Forense, d\u00f3nde se le aplicar\u00e1 la necropsia de rigor.<\/p>\n","protected":false},"excerpt":{"rendered":"<p>La ma\u00f1ana de este lunes, se registr\u00f3 un lamentable accidente, que cobr\u00f3 la vida de una persona al ser arrollada por una camioneta de transporte de personal, en el municipio de El Marqu\u00e9s. La persona cruzaba la carretera estatal 210 a la altura del fraccionamiento Los Encinos, cuando fue embestido por una camioneta de la empresa transportes San Jos\u00e9, la<\/p>\n<div class=\"h10\"><\/div>\n<p><a class=\"more-link2 flat\" href=\"https:\/\/elconspirador.com.mx\/?p=36235\">Leer m\u00e1s<\/a><\/p>\n","protected":false},"author":1,"featured_media":36236,"comment_status":"open","ping_status":"open","sticky":false,"template":"","format":"standard","meta":{"om_disable_all_campaigns":false,"_uf_show_specific_survey":0,"_uf_disable_surveys":false},"categories":[1],"tags":[],"aioseo_notices":[],"_links":{"self":[{"href":"https:\/\/elconspirador.com.mx\/index.php?rest_route=\/wp\/v2\/posts\/36235"}],"collection":[{"href":"https:\/\/elconspirador.com.mx\/index.php?rest_route=\/wp\/v2\/posts"}],"about":[{"href":"https:\/\/elconspirador.com.mx\/index.php?rest_route=\/wp\/v2\/types\/post"}],"author":[{"embeddable":true,"href":"https:\/\/elconspirador.com.mx\/index.php?rest_route=\/wp\/v2\/users\/1"}],"replies":[{"embeddable":true,"href":"https:\/\/elconspirador.com.mx\/index.php?rest_route=%2Fwp%2Fv2%2Fcomments&post=36235"}],"version-history":[{"count":1,"href":"https:\/\/elconspirador.com.mx\/index.php?rest_route=\/wp\/v2\/posts\/36235\/revisions"}],"predecessor-version":[{"id":36237,"href":"https:\/\/elconspirador.com.mx\/index.php?rest_route=\/wp\/v2\/posts\/36235\/revisions\/36237"}],"wp:featuredmedia":[{"embeddable":true,"href":"https:\/\/elconspirador.com.mx\/index.php?rest_route=\/wp\/v2\/media\/36236"}],"wp:attachment":[{"href":"https:\/\/elconspirador.com.mx\/index.php?rest_route=%2Fwp%2Fv2%2Fmedia&parent=36235"}],"wp:term":[{"taxonomy":"category","embeddable":true,"href":"https:\/\/elconspirador.com.mx\/index.php?rest_route=%2Fwp%2Fv2%2Fcategories&post=36235"},{"taxonomy":"post_tag","embeddable":true,"href":"https:\/\/elconspirador.com.mx\/index.php?rest_route=%2Fwp%2Fv2%2Ftags&post=36235"}],"curies":[{"name":"wp","href":"https:\/\/api.w.org\/{rel}","templated":true}]}}