{"id":36259,"date":"2023-10-30T14:19:58","date_gmt":"2023-10-30T20:19:58","guid":{"rendered":"https:\/\/elconspirador.com.mx\/?p=36259"},"modified":"2023-10-30T14:19:58","modified_gmt":"2023-10-30T20:19:58","slug":"alista-morena-registro-para-candidaturas-federales","status":"publish","type":"post","link":"https:\/\/elconspirador.com.mx\/?p=36259","title":{"rendered":"ALISTA MORENA REGISTRO PARA CANDIDATURAS FEDERALES"},"content":{"rendered":"<p>El pr\u00f3ximo primero de noviembre se abrir\u00e1 en Morena el registro para quienes busquen contender por algunas candidatura para puestos federales en Quer\u00e9taro.<\/p>\n<p>De acuerdo con el Secretario General de Morena, Alejandro P\u00e9rez Ibarra, la convocatoria sali\u00f3 este lunes y del primero al 3 de noviembre ser\u00e1 el registro de aspirantes.<\/p>\n<p>&#8220;Sean militantes o no militantes de Morena pueden registrarse para poder encabezar, ya sea el senado de la Rep\u00fablica o algunas de seis diputaciones federales que estar\u00e1n llev\u00e1ndose a cabo aqu\u00ed en Quer\u00e9taro&#8221;.<\/p>\n<p>Se trata de seis diputaciones federales, as\u00ed como las posiciones para senador, en este caso mujeres y hombres para cumplir con la paridad de g\u00e9nero.<\/p>\n<p>Mientras que el 26 de noviembre ser\u00e1 el registro para las plurinominales, tambi\u00e9n para diputaciones federales y senadores.<\/p>\n<p>En ese sentido, aclar\u00f3 que la selecci\u00f3n ser\u00e1 por medio de encuestas, a fin de elegir al mejor perfil, en el caso de las posiciones federales.<\/p>\n<p>&#8220;Existe una comisi\u00f3n nacional de elecciones, la cual se integr\u00f3 por un consejo nacional, que es la m\u00e1xima autoridad de todo el partido en el pa\u00eds&#8221;.<\/p>\n","protected":false},"excerpt":{"rendered":"<p>El pr\u00f3ximo primero de noviembre se abrir\u00e1 en Morena el registro para quienes busquen contender por algunas candidatura para puestos federales en Quer\u00e9taro. De acuerdo con el Secretario General de Morena, Alejandro P\u00e9rez Ibarra, la convocatoria sali\u00f3 este lunes y del primero al 3 de noviembre ser\u00e1 el registro de aspirantes. &#8220;Sean militantes o no militantes de Morena pueden registrarse<\/p>\n<div class=\"h10\"><\/div>\n<p><a class=\"more-link2 flat\" href=\"https:\/\/elconspirador.com.mx\/?p=36259\">Leer m\u00e1s<\/a><\/p>\n","protected":false},"author":1,"featured_media":36260,"comment_status":"open","ping_status":"open","sticky":false,"template":"","format":"standard","meta":{"om_disable_all_campaigns":false,"_uf_show_specific_survey":0,"_uf_disable_surveys":false},"categories":[1],"tags":[],"aioseo_notices":[],"_links":{"self":[{"href":"https:\/\/elconspirador.com.mx\/index.php?rest_route=\/wp\/v2\/posts\/36259"}],"collection":[{"href":"https:\/\/elconspirador.com.mx\/index.php?rest_route=\/wp\/v2\/posts"}],"about":[{"href":"https:\/\/elconspirador.com.mx\/index.php?rest_route=\/wp\/v2\/types\/post"}],"author":[{"embeddable":true,"href":"https:\/\/elconspirador.com.mx\/index.php?rest_route=\/wp\/v2\/users\/1"}],"replies":[{"embeddable":true,"href":"https:\/\/elconspirador.com.mx\/index.php?rest_route=%2Fwp%2Fv2%2Fcomments&post=36259"}],"version-history":[{"count":2,"href":"https:\/\/elconspirador.com.mx\/index.php?rest_route=\/wp\/v2\/posts\/36259\/revisions"}],"predecessor-version":[{"id":36265,"href":"https:\/\/elconspirador.com.mx\/index.php?rest_route=\/wp\/v2\/posts\/36259\/revisions\/36265"}],"wp:featuredmedia":[{"embeddable":true,"href":"https:\/\/elconspirador.com.mx\/index.php?rest_route=\/wp\/v2\/media\/36260"}],"wp:attachment":[{"href":"https:\/\/elconspirador.com.mx\/index.php?rest_route=%2Fwp%2Fv2%2Fmedia&parent=36259"}],"wp:term":[{"taxonomy":"category","embeddable":true,"href":"https:\/\/elconspirador.com.mx\/index.php?rest_route=%2Fwp%2Fv2%2Fcategories&post=36259"},{"taxonomy":"post_tag","embeddable":true,"href":"https:\/\/elconspirador.com.mx\/index.php?rest_route=%2Fwp%2Fv2%2Ftags&post=36259"}],"curies":[{"name":"wp","href":"https:\/\/api.w.org\/{rel}","templated":true}]}}