{"id":36266,"date":"2023-10-30T14:50:29","date_gmt":"2023-10-30T20:50:29","guid":{"rendered":"https:\/\/elconspirador.com.mx\/?p=36266"},"modified":"2023-10-30T14:50:29","modified_gmt":"2023-10-30T20:50:29","slug":"kuri-entrega-equipo-de-seguridad-por-55-mdp","status":"publish","type":"post","link":"https:\/\/elconspirador.com.mx\/?p=36266","title":{"rendered":"KURI ENTREGA EQUIPO DE SEGURIDAD POR 55 MDP"},"content":{"rendered":"<p class=\"s6\"><span class=\"s7\"><span class=\"bumpedFont15\">Con el prop\u00f3sito de fortalecer la operaci\u00f3n de la Comisi\u00f3n <\/span><\/span><span class=\"s7\"><span class=\"bumpedFont15\">Estatal del Sistema Penitenciario<\/span><\/span><span class=\"s7\"><span class=\"bumpedFont15\"> de Quer\u00e9taro (CESPQ),<\/span><\/span> <span class=\"s7\"><span class=\"bumpedFont15\">el <\/span><\/span><span class=\"s7\"><span class=\"bumpedFont15\">gobernador, <\/span><\/span><span class=\"s7\"><span class=\"bumpedFont15\">Mauricio Kuri Gonz\u00e1lez,<\/span><\/span> <span class=\"s7\"><span class=\"bumpedFont15\">entreg\u00f3<\/span><\/span><span class=\"s7\"><span class=\"bumpedFont15\"> e<\/span><\/span><span class=\"s7\"><span class=\"bumpedFont15\">quipamiento, <\/span><\/span><span class=\"s7\"><span class=\"bumpedFont15\">v<\/span><\/span><span class=\"s7\"><span class=\"bumpedFont15\">eh\u00edculos y <\/span><\/span><span class=\"s7\"><span class=\"bumpedFont15\">u<\/span><\/span><span class=\"s7\"><span class=\"bumpedFont15\">niformes <\/span><\/span><span class=\"s7\"><span class=\"bumpedFont15\">al personal<\/span><\/span><span class=\"s7\"><span class=\"bumpedFont15\"> de <\/span><\/span><span class=\"s7\"><span class=\"bumpedFont15\">dicha dependenci<\/span><\/span><span class=\"s7\"><span class=\"bumpedFont15\">a<\/span><\/span><span class=\"s7\"><span class=\"bumpedFont15\"> por un monto<\/span><\/span><span class=\"s7\"><span class=\"bumpedFont15\"> de m\u00e1s de<\/span><\/span><span class=\"s7\"><span class=\"bumpedFont15\"> 55 millones de pesos de recurso estatal y federal<\/span><\/span><span class=\"s7\"><span class=\"bumpedFont15\">. <\/span><\/span><\/p>\n<p class=\"s6\"><span class=\"s7\"><span class=\"bumpedFont15\">\u201cEl<\/span><\/span><span class=\"s7\"><span class=\"bumpedFont15\"> equipo que est\u00e1n recibiendo hoy, compa\u00f1eras y compa\u00f1eros del sistema penitenciario, es un reconocimiento a su valor y esfuerzo. Los exhorto a mantener los est\u00e1ndares m\u00e1s altos en la ejecuci\u00f3n de sanciones penales en M\u00e9xico y a ser ejemplos del penitenciariarismo moderno<\/span><\/span><span class=\"s7\"><span class=\"bumpedFont15\">\u201d, apunt\u00f3.<\/span><\/span><\/p>\n<p class=\"s6\"><span class=\"s7\"><span class=\"bumpedFont15\">Durante su mensaje, <\/span><\/span><span class=\"s7\"><span class=\"bumpedFont15\">el mandatario <\/span><\/span><span class=\"s7\"><span class=\"bumpedFont15\">estatal<\/span><\/span> <span class=\"s7\"><span class=\"bumpedFont15\">indic\u00f3 que <\/span><\/span><span class=\"s7\"><span class=\"bumpedFont15\">esta<\/span><\/span><span class=\"s7\"><span class=\"bumpedFont15\">entrega <\/span><\/span><span class=\"s7\"><span class=\"bumpedFont15\">es resultado de una planificaci\u00f3n ordenada <\/span><\/span><span class=\"s7\"><span class=\"bumpedFont15\">que siempre <\/span><\/span><span class=\"s7\"><span class=\"bumpedFont15\">ha<\/span><\/span><span class=\"s7\"><span class=\"bumpedFont15\"> solicitado a todos <\/span><\/span><span class=\"s7\"><span class=\"bumpedFont15\">sus<\/span><\/span><span class=\"s7\"><span class=\"bumpedFont15\"> colaboradores y<\/span><\/span><span class=\"s7\"><span class=\"bumpedFont15\">,<\/span><\/span><span class=\"s7\"><span class=\"bumpedFont15\"> a quienes participa<\/span><\/span><span class=\"s7\"><span class=\"bumpedFont15\">n<\/span><\/span><span class=\"s7\"><span class=\"bumpedFont15\"> en <\/span><\/span><span class=\"s7\"><span class=\"bumpedFont15\">las<\/span><\/span><span class=\"s7\"><span class=\"bumpedFont15\"> respectivas gestiones como titulares de los poderes del estado o de los \u00f3rganos constitucionales aut\u00f3nomos.<\/span><\/span><\/p>\n<p class=\"s6\"><span class=\"s7\"><span class=\"bumpedFont15\">La finalidad <\/span><\/span><span class=\"s7\"><span class=\"bumpedFont15\">de <\/span><\/span><span class=\"s7\"><span class=\"bumpedFont15\">esta<\/span><\/span><span class=\"s7\"><span class=\"bumpedFont15\"> planificaci\u00f3n<\/span><\/span><span class=\"s7\"><span class=\"bumpedFont15\">, dijo,<\/span><\/span><span class=\"s7\"><span class=\"bumpedFont15\"> es que el trabajo de las autoridades tenga objetivos concretos, que siempre se busque el bienestar de las personas y que sea posible medir <\/span><\/span><span class=\"s7\"><span class=\"bumpedFont15\">sus<\/span><\/span><span class=\"s7\"><span class=\"bumpedFont15\"> acciones, permitiendo que la ciudadan\u00eda participe en esa evaluaci\u00f3n.<\/span><\/span><\/p>\n<p class=\"s6\"><span class=\"s7\"><span class=\"bumpedFont15\">Co<\/span><\/span><span class=\"s7\"><span class=\"bumpedFont15\">n <\/span><\/span><span class=\"s7\"><span class=\"bumpedFont15\">la entrega <\/span><\/span><span class=\"s7\"><span class=\"bumpedFont15\">de unidades y equipo t\u00e1ctico<\/span><\/span><span class=\"s7\"><span class=\"bumpedFont15\"> para la polic\u00eda procesa<\/span><\/span><span class=\"s7\"><span class=\"bumpedFont15\">l<\/span><\/span><span class=\"s7\"><span class=\"bumpedFont15\"> y custodios del sistema penitenciario, Kuri Gonz\u00e1lez refrend\u00f3 su compromiso <\/span><\/span><span class=\"s7\"><span class=\"bumpedFont15\">con la seguridad de las y los queretanos<\/span><\/span><span class=\"s7\"><span class=\"bumpedFont15\">. <\/span><\/span><\/p>\n<p class=\"s6\"><span class=\"s7\"><span class=\"bumpedFont15\">Del mismo modo, el Gobernador <\/span><\/span><span class=\"s7\"><span class=\"bumpedFont15\">distingui\u00f3 al<\/span><\/span><span class=\"s7\"><span class=\"bumpedFont15\"> Sistema Penitenciario <\/span><\/span><span class=\"s7\"><span class=\"bumpedFont15\">por <\/span><\/span><span class=\"s7\"><span class=\"bumpedFont15\">su modelo innovador y por ser el \u00fanico <\/span><\/span><span class=\"s7\"><span class=\"bumpedFont15\">que cuenta con un centro de capacitaci\u00f3n<\/span><\/span><span class=\"s7\"><span class=\"bumpedFont15\"> y con <\/span><\/span><span class=\"s7\"><span class=\"bumpedFont15\">una certificaci\u00f3n <\/span><\/span><span class=\"s7\"><span class=\"bumpedFont15\">por la Asociaci\u00f3n Americana de Prisiones (ACA).<\/span><\/span> <span class=\"s7\"><span class=\"bumpedFont15\">Tambi\u00e9n <\/span><\/span><span class=\"s7\"><span class=\"bumpedFont15\">por obtener <\/span><\/span><span class=\"s7\"><span class=\"bumpedFont15\">por parte de la <\/span><\/span><span class=\"s7\"><span class=\"bumpedFont15\">Comisi\u00f3n Nacional de los Derechos Humanos <\/span><\/span><span class=\"s7\"><span class=\"bumpedFont15\">(CNDH)<\/span><\/span><span class=\"s7\"><span class=\"bumpedFont15\">,<\/span><\/span><span class=\"s7\"><span class=\"bumpedFont15\"> el primer lugar en diversas mediciones durante cinco a\u00f1os consecutivos.<\/span><\/span><\/p>\n<p class=\"s6\"><span class=\"s7\"><span class=\"bumpedFont15\">\u201c<\/span><\/span><span class=\"s7\"><span class=\"bumpedFont15\">Estas y otras certificaciones y reconocimientos internacionales son posibles \u00fanicamente cuando el servidor p\u00fablico est\u00e1 comprometido con su trabajo y tiene claro que su labor diaria es mejorar las condiciones de vida de las personas involucradas en procedimientos penales. Si\u00e9ntanse orgullosos de defender a Quer\u00e9taro<\/span><\/span><span class=\"s7\"><span class=\"bumpedFont15\">\u201d, enfatiz\u00f3. <\/span><\/span><\/p>\n<p class=\"s6\"><span class=\"s7\"><span class=\"bumpedFont15\">Mauricio Kuri recalc\u00f3 que<\/span><\/span><span class=\"s7\"><span class=\"bumpedFont15\"> es m\u00e1s desafiante mantenerse en los primeros lugares que alcanzarlos, especialmente despu\u00e9s de haberlo logrado durante cinco a\u00f1os. <\/span><\/span><span class=\"s7\"><span class=\"bumpedFont15\">En este tenor, inst\u00f3 a las y los integrantes de <\/span><\/span><span class=\"s7\"><span class=\"bumpedFont15\">la <\/span><\/span><span class=\"s7\"><span class=\"bumpedFont15\">Comisi\u00f3n<\/span><\/span><span class=\"s7\"><span class=\"bumpedFont15\"> Estatal del Sistema Penitenciario<\/span><\/span> <span class=\"s7\"><span class=\"bumpedFont15\">a <\/span><\/span><span class=\"s7\"><span class=\"bumpedFont15\">sup<\/span><\/span><span class=\"s7\"><span class=\"bumpedFont15\">erarse<\/span><\/span> <span class=\"s7\"><span class=\"bumpedFont15\">y a dar lo mejor de s\u00ed por Quer\u00e9taro.<\/span><\/span><\/p>\n<p class=\"s6\"><span class=\"s7\"><span class=\"bumpedFont15\">En su intervenci\u00f3n, el <\/span><\/span><span class=\"s7\"><span class=\"bumpedFont15\">comisionado estatal <\/span><\/span><span class=\"s7\"><span class=\"bumpedFont15\">del Sistema Penitenciario<\/span><\/span><span class=\"s7\"><span class=\"bumpedFont15\">, Gustavo L\u00f3pez Acosta,<\/span><\/span><span class=\"s7\"><span class=\"bumpedFont15\"> resalt\u00f3<\/span><\/span><span class=\"s7\"><span class=\"bumpedFont15\"> que<\/span><\/span> <span class=\"s7\"><span class=\"bumpedFont15\">la instancia<\/span><\/span><span class=\"s7\"><span class=\"bumpedFont15\"> que <\/span><\/span><span class=\"s7\"><span class=\"bumpedFont15\">representa <\/span><\/span><span class=\"s7\"><span class=\"bumpedFont15\">ha<\/span><\/span><span class=\"s7\"><span class=\"bumpedFont15\"> alcanzado el siguiente nivel al ser referente internacional, y demostrar c\u00f3mo<\/span><\/span><span class=\"s7\"><span class=\"bumpedFont15\"> se <\/span><\/span><span class=\"s7\"><span class=\"bumpedFont15\">puede<\/span><\/span><span class=\"s7\"><span class=\"bumpedFont15\">n<\/span><\/span><span class=\"s7\"><span class=\"bumpedFont15\">romper paradigmas<\/span><\/span> <span class=\"s7\"><span class=\"bumpedFont15\">para convertirla en <\/span><\/span><span class=\"s7\"><span class=\"bumpedFont15\">ejemplo de operaci\u00f3n, seguridad, administraci\u00f3n y reinserci\u00f3n efectiva<\/span><\/span><span class=\"s7\"><span class=\"bumpedFont15\">. <\/span><\/span><\/p>\n<p class=\"s6\"><span class=\"s7\"><span class=\"bumpedFont15\">\u201cCumplimos su instrucci\u00f3n. En Quer\u00e9taro s\u00ed hay de otra. Aqu\u00ed no se cometen delitos desde los Centros Penitenciarios. Aqu\u00ed la sociedad no se encuentra en riesgo por sus centros de detenci\u00f3n. Aqu\u00ed las instituciones de seguridad trabajamos en coordinaci\u00f3n para mantener la paz\u201d, subray\u00f3.<\/span><\/span><\/p>\n<p class=\"s6\"><span class=\"s7\"><span class=\"bumpedFont15\">El director adjunto <\/span><\/span><span class=\"s7\"><span class=\"bumpedFont15\">de Programas de Seguridad P\u00fablica y Justicia de la Secci\u00f3n de Asuntos Antinarc\u00f3ticos y Aplicaci\u00f3n de la Ley (INL, M\u00e9xico)<\/span><\/span><span class=\"s7\"><span class=\"bumpedFont15\">, <\/span><\/span><span class=\"s7\"><span class=\"bumpedFont15\">Dorian Molina,<\/span><\/span> <span class=\"s7\"><span class=\"bumpedFont15\">resalt\u00f3 que la entrega <\/span><\/span><span class=\"s7\"><span class=\"bumpedFont15\">de equipamiento <\/span><\/span><span class=\"s7\"><span class=\"bumpedFont15\">muestra el compromiso del Gobierno de Quer\u00e9taro con el personal que trabaja al interior de los centros penitenciarios. <\/span><\/span><span class=\"s7\"><span class=\"bumpedFont15\">Asimismo, son accione<\/span><\/span><span class=\"s7\"><span class=\"bumpedFont15\">s que lo distinguen como referente nacional e internacional <\/span><\/span><span class=\"s7\"><span class=\"bumpedFont15\">en materia penitenciaria.<\/span><\/span><\/p>\n<p class=\"s6\"><span class=\"s7\"><span class=\"bumpedFont15\">Al tomar la palabra, <\/span><\/span><span class=\"s7\"><span class=\"bumpedFont15\">la tercera visitadora <\/span><\/span><span class=\"s7\"><span class=\"bumpedFont15\">de la Comisi\u00f3n Nacional de Derechos Humanos<\/span><\/span><span class=\"s7\"><span class=\"bumpedFont15\">, <\/span><\/span><span class=\"s7\"><span class=\"bumpedFont15\">Hilda T\u00e9llez Lino<\/span><\/span><span class=\"s7\"><span class=\"bumpedFont15\">, <\/span><\/span><span class=\"s7\"><span class=\"bumpedFont15\">puntualiz\u00f3 que las herramientas que <\/span><\/span><span class=\"s7\"><span class=\"bumpedFont15\">se entregan abonan a la dignidad del personal penitenciario, <\/span><\/span><span class=\"s7\"><span class=\"bumpedFont15\">ya que si este <\/span><\/span><span class=\"s7\"><span class=\"bumpedFont15\">recibe los insumos necesarios para<\/span><\/span><span class=\"s7\"><span class=\"bumpedFont15\"> llevar a cabo su labor<\/span><\/span><span class=\"s7\"><span class=\"bumpedFont15\">; tambi\u00e9n se garantiza el mismo trato <\/span><\/span><span class=\"s7\"><span class=\"bumpedFont15\">a las personas privadas de la libertad<\/span><\/span><span class=\"s7\"><span class=\"bumpedFont15\">. <\/span><\/span><span class=\"s7\"><span class=\"bumpedFont15\">Finalmente, <\/span><\/span><span class=\"s7\"><span class=\"bumpedFont15\">a\u00f1adi\u00f3 que<\/span><\/span><span class=\"s7\"><span class=\"bumpedFont15\"> la entrega <\/span><\/span><span class=\"s7\"><span class=\"bumpedFont15\">de <\/span><\/span><span class=\"s7\"><span class=\"bumpedFont15\">equipamiento a la CESPQ es un ejemplo y aliciente <\/span><\/span><span class=\"s7\"><span class=\"bumpedFont15\">para que otros sistemas del pa\u00eds repliquen <\/span><\/span><span class=\"s7\"><span class=\"bumpedFont15\">este tipo de escenarios. <\/span><\/span><\/p>\n<p class=\"s6\"><span class=\"s7\"><span class=\"bumpedFont15\">Cabe destacar que<\/span><\/span> <span class=\"s7\"><span class=\"bumpedFont15\">se entregaron <\/span><\/span><span class=\"s7\"><span class=\"bumpedFont15\">16<\/span><\/span><span class=\"s7\"><span class=\"bumpedFont15\"> veh\u00edculos<\/span><\/span><span class=\"s7\"><span class=\"bumpedFont15\">, 109 c\u00e1maras de videovigilancia<\/span><\/span><span class=\"s7\"><span class=\"bumpedFont15\">, 20 <\/span><\/span><span class=\"s7\"><span class=\"bumpedFont15\">dispositivos <\/span><\/span><span class=\"s7\"><span class=\"bumpedFont15\">el\u00e9ctrico conductivos<\/span><\/span><span class=\"s7\"><span class=\"bumpedFont15\">; as\u00ed como uniformes <\/span><\/span><span class=\"s7\"><span class=\"bumpedFont15\">para distintas \u00e1reas y <\/span><\/span><span class=\"s7\"><span class=\"bumpedFont15\">equipamiento de seguridad y vigilancia.<\/span><\/span><\/p>\n","protected":false},"excerpt":{"rendered":"<p>Con el prop\u00f3sito de fortalecer la operaci\u00f3n de la Comisi\u00f3n Estatal del Sistema Penitenciario de Quer\u00e9taro (CESPQ), el gobernador, Mauricio Kuri Gonz\u00e1lez, entreg\u00f3 equipamiento, veh\u00edculos y uniformes al personal de dicha dependencia por un monto de m\u00e1s de 55 millones de pesos de recurso estatal y federal. \u201cEl equipo que est\u00e1n recibiendo hoy, compa\u00f1eras y compa\u00f1eros del sistema penitenciario, es<\/p>\n<div class=\"h10\"><\/div>\n<p><a class=\"more-link2 flat\" href=\"https:\/\/elconspirador.com.mx\/?p=36266\">Leer m\u00e1s<\/a><\/p>\n","protected":false},"author":1,"featured_media":36268,"comment_status":"open","ping_status":"open","sticky":false,"template":"","format":"standard","meta":{"om_disable_all_campaigns":false,"_uf_show_specific_survey":0,"_uf_disable_surveys":false},"categories":[1],"tags":[],"aioseo_notices":[],"_links":{"self":[{"href":"https:\/\/elconspirador.com.mx\/index.php?rest_route=\/wp\/v2\/posts\/36266"}],"collection":[{"href":"https:\/\/elconspirador.com.mx\/index.php?rest_route=\/wp\/v2\/posts"}],"about":[{"href":"https:\/\/elconspirador.com.mx\/index.php?rest_route=\/wp\/v2\/types\/post"}],"author":[{"embeddable":true,"href":"https:\/\/elconspirador.com.mx\/index.php?rest_route=\/wp\/v2\/users\/1"}],"replies":[{"embeddable":true,"href":"https:\/\/elconspirador.com.mx\/index.php?rest_route=%2Fwp%2Fv2%2Fcomments&post=36266"}],"version-history":[{"count":2,"href":"https:\/\/elconspirador.com.mx\/index.php?rest_route=\/wp\/v2\/posts\/36266\/revisions"}],"predecessor-version":[{"id":36269,"href":"https:\/\/elconspirador.com.mx\/index.php?rest_route=\/wp\/v2\/posts\/36266\/revisions\/36269"}],"wp:featuredmedia":[{"embeddable":true,"href":"https:\/\/elconspirador.com.mx\/index.php?rest_route=\/wp\/v2\/media\/36268"}],"wp:attachment":[{"href":"https:\/\/elconspirador.com.mx\/index.php?rest_route=%2Fwp%2Fv2%2Fmedia&parent=36266"}],"wp:term":[{"taxonomy":"category","embeddable":true,"href":"https:\/\/elconspirador.com.mx\/index.php?rest_route=%2Fwp%2Fv2%2Fcategories&post=36266"},{"taxonomy":"post_tag","embeddable":true,"href":"https:\/\/elconspirador.com.mx\/index.php?rest_route=%2Fwp%2Fv2%2Ftags&post=36266"}],"curies":[{"name":"wp","href":"https:\/\/api.w.org\/{rel}","templated":true}]}}