{"id":36274,"date":"2023-10-30T19:29:58","date_gmt":"2023-10-31T01:29:58","guid":{"rendered":"https:\/\/elconspirador.com.mx\/?p=36274"},"modified":"2023-10-30T19:30:14","modified_gmt":"2023-10-31T01:30:14","slug":"recibe-silvia-amaya-llano-constancia-como-rectora-electa-de-la-uaq","status":"publish","type":"post","link":"https:\/\/elconspirador.com.mx\/?p=36274","title":{"rendered":"RECIBE SILVIA AMAYA LLANO CONSTANCIA COMO RECTORA ELECTA DE LA UAQ"},"content":{"rendered":"<p>En sesi\u00f3n extraordinaria del H. Consejo Universitario, los miembros de este \u00f3rgano ratificaron los resultados de la elecci\u00f3n de la persona titular de la Rector\u00eda para el peri\u00f3do 2024-2027, realizada el 27 de octubre en segunda vuelta, que favorecieron a la candidata Dra. Silvia Lorena Amaya Llano.<\/p>\n<p>De esta forma, las y los consejeros estudiantes y docentes presentes votaron de acuerdo con los resultados obtenidos el viernes pasado en cada unidad acad\u00e9mica, y contabilizaron 32 votos que le dieron mayor\u00eda absoluta a la directora de la Facultad de Qu\u00edmica.<\/p>\n<p>Durante la sesi\u00f3n, la Dra. Teresa Garc\u00eda Gasca, rectora de la M\u00e1xima Casa de Estudios de la entidad, como presidenta del H. Consejo Universitario, entreg\u00f3 la constancia que acredita a la Dra. Amaya Llano como rectora electa de esta Casa de Estudios y le dese\u00f3 mucho \u00e9xito en su gesti\u00f3n, declarando tambi\u00e9n el fin del proceso electoral.<\/p>\n<p>\u201cRecordarle a la comunidad universitaria que justamente la comunidad somos todas y todos, desear que esta la acompa\u00f1e y la arrope; desear tambi\u00e9n que se mantenga siempre la diversidad de pensamiento, que es una de nuestras m\u00e1s grandes riquezas. Que el equipo que conforme la doctora Silvia trabaje fuerte, que le vaya muy bien, porque lo bien que le vaya a su administraci\u00f3n ser\u00e1 lo bien que le vaya a nuestra Universidad\u201d, expres\u00f3 la Rectora.<\/p>\n<p>En este mismo sentido, la Dra. Garc\u00eda Gasca reconoci\u00f3 a quienes participaron en este procedimiento, que dijo, dej\u00f3 una gran ense\u00f1anza en la comunidad UAQ y no debe haber duda de que se trabajar\u00e1 de manera incansable para entregar los mejores resultados y que ser\u00e1n la base de la siguiente gesti\u00f3n, enfocados a la mejora continua de la Universidad.<\/p>\n<p>Finalmente, una vez agotados los puntos de la orden del d\u00eda y declarado el cierre de la sesi\u00f3n, la Dra. Martha Elena Soto Obreg\u00f3n, titular de la Secretar\u00eda de Educaci\u00f3n del estado, tom\u00f3 la voz y felicit\u00f3 a nombre del gobernador Lic. Mauricio Kuri Gonz\u00e1lez a las y los universitarios por este proceso, pues representan, dijo, un ejemplo de la actividad democr\u00e1tica, as\u00ed como a la Dra. Amaya Llano por esta nueva encomienda que tendr\u00e1 a partir de enero de 2024.<\/p>\n<p>Se contempla que en breve comience el proceso administrativo de entrega recepci\u00f3n entre la administraci\u00f3n que sale, encabezada por la Dra. Garc\u00eda Gasca y la designada en su momento por la rectora electa Dra. Amaya Llano.<\/p>\n","protected":false},"excerpt":{"rendered":"<p>En sesi\u00f3n extraordinaria del H. Consejo Universitario, los miembros de este \u00f3rgano ratificaron los resultados de la elecci\u00f3n de la persona titular de la Rector\u00eda para el peri\u00f3do 2024-2027, realizada el 27 de octubre en segunda vuelta, que favorecieron a la candidata Dra. Silvia Lorena Amaya Llano. De esta forma, las y los consejeros estudiantes y docentes presentes votaron de<\/p>\n<div class=\"h10\"><\/div>\n<p><a class=\"more-link2 flat\" href=\"https:\/\/elconspirador.com.mx\/?p=36274\">Leer m\u00e1s<\/a><\/p>\n","protected":false},"author":1,"featured_media":36275,"comment_status":"open","ping_status":"open","sticky":false,"template":"","format":"standard","meta":{"om_disable_all_campaigns":false,"_uf_show_specific_survey":0,"_uf_disable_surveys":false},"categories":[1],"tags":[],"aioseo_notices":[],"_links":{"self":[{"href":"https:\/\/elconspirador.com.mx\/index.php?rest_route=\/wp\/v2\/posts\/36274"}],"collection":[{"href":"https:\/\/elconspirador.com.mx\/index.php?rest_route=\/wp\/v2\/posts"}],"about":[{"href":"https:\/\/elconspirador.com.mx\/index.php?rest_route=\/wp\/v2\/types\/post"}],"author":[{"embeddable":true,"href":"https:\/\/elconspirador.com.mx\/index.php?rest_route=\/wp\/v2\/users\/1"}],"replies":[{"embeddable":true,"href":"https:\/\/elconspirador.com.mx\/index.php?rest_route=%2Fwp%2Fv2%2Fcomments&post=36274"}],"version-history":[{"count":1,"href":"https:\/\/elconspirador.com.mx\/index.php?rest_route=\/wp\/v2\/posts\/36274\/revisions"}],"predecessor-version":[{"id":36276,"href":"https:\/\/elconspirador.com.mx\/index.php?rest_route=\/wp\/v2\/posts\/36274\/revisions\/36276"}],"wp:featuredmedia":[{"embeddable":true,"href":"https:\/\/elconspirador.com.mx\/index.php?rest_route=\/wp\/v2\/media\/36275"}],"wp:attachment":[{"href":"https:\/\/elconspirador.com.mx\/index.php?rest_route=%2Fwp%2Fv2%2Fmedia&parent=36274"}],"wp:term":[{"taxonomy":"category","embeddable":true,"href":"https:\/\/elconspirador.com.mx\/index.php?rest_route=%2Fwp%2Fv2%2Fcategories&post=36274"},{"taxonomy":"post_tag","embeddable":true,"href":"https:\/\/elconspirador.com.mx\/index.php?rest_route=%2Fwp%2Fv2%2Ftags&post=36274"}],"curies":[{"name":"wp","href":"https:\/\/api.w.org\/{rel}","templated":true}]}}