{"id":36286,"date":"2023-10-31T06:32:18","date_gmt":"2023-10-31T12:32:18","guid":{"rendered":"https:\/\/elconspirador.com.mx\/?p=36286"},"modified":"2023-10-31T06:32:18","modified_gmt":"2023-10-31T12:32:18","slug":"ganaderos-queretanos-preparan-programa-especial-para-la-feria","status":"publish","type":"post","link":"https:\/\/elconspirador.com.mx\/?p=36286","title":{"rendered":"GANADEROS QUERETANOS PREPARAN PROGRAMA ESPECIAL PARA LA FERIA"},"content":{"rendered":"<p>Al cumplirse 100 a\u00f1os de haber iniciado la Exposici\u00f3n Ganadera de Quer\u00e9taro, la primera en su tipo en todo el pa\u00eds, en esta Feria Internacional Ganadera de Quer\u00e9taro 2023, el objetivo principal ser\u00e1 enaltecer y reconocer la calidad gen\u00e9tica de los ganaderos del estado.<\/p>\n<p>As\u00ed lo di\u00f3 a conocer el Presidente de la Uni\u00f3n Ganadera Regional de Quer\u00e9taro (UGRQ), Romualdo Moreno Guti\u00e9rrez, quien dijo que junto con el Consejo Directivo, las Asociaciones especializadas, los productores y el Director de la Feria, Carlos Alcocer, est\u00e1n preparando un programa especial, contando como siempre con ganado de reconocimiento nacional e internacional.<\/p>\n<p>Moreno Guti\u00e9rrez destac\u00f3 la exposici\u00f3n de ganado bovino, productor de leche y carne, y de una extraordinaria calidad gen\u00e9tica, resultado del trabajo y esfuerzo de cada uno de los productores pecuarios que hacen de esta actividad su modo de vida.<\/p>\n<p>&#8220;Es momento de brindarles el merecido reconocimiento en este a\u00f1o 2023, en el cual Quer\u00e9taro cumple 100 a\u00f1os de haber iniciado con esta exposici\u00f3n ganadera, por eso refrendamos nuestro compromiso con los ganaderos queretanos.<\/p>\n<p>Cabe recordar que en esta Feria Ganadera tambi\u00e9n se desarrollar\u00e1n 11 campeonatos nacionales de ovinos con jueces internacionales; cursos, conferencias y talleres caprinos, as\u00ed como concursos de calificaci\u00f3n.<\/p>\n<p>Asimismo, Concurso Estatal Gastron\u00f3mico de Cunicultores, elecci\u00f3n del Cunicultor del A\u00f1os y concursos de calificaciones; exposici\u00f3n de gallos curritos, aves de combate, gallinas de raza y palomas de fantas\u00eda, adem\u00e1s de la Exposici\u00f3n Ap\u00edcola y venta de productos.<\/p>\n<p>&#8220;Invitamos a todas las familias a que nos acompa\u00f1en a la Feria de Quer\u00e9taro, del 23 de noviembre al 12 de diciembre. Porque #LaFeriaSomosTodos. Tambi\u00e9n tendremos exposici\u00f3n de caballos Cuarto de Milla, Aztecas, Appalosas, y Pintos&#8221;, concluy\u00f3 Romualdo Moreno.<\/p>\n","protected":false},"excerpt":{"rendered":"<p>Al cumplirse 100 a\u00f1os de haber iniciado la Exposici\u00f3n Ganadera de Quer\u00e9taro, la primera en su tipo en todo el pa\u00eds, en esta Feria Internacional Ganadera de Quer\u00e9taro 2023, el objetivo principal ser\u00e1 enaltecer y reconocer la calidad gen\u00e9tica de los ganaderos del estado. As\u00ed lo di\u00f3 a conocer el Presidente de la Uni\u00f3n Ganadera Regional de Quer\u00e9taro (UGRQ), Romualdo<\/p>\n<div class=\"h10\"><\/div>\n<p><a class=\"more-link2 flat\" href=\"https:\/\/elconspirador.com.mx\/?p=36286\">Leer m\u00e1s<\/a><\/p>\n","protected":false},"author":1,"featured_media":36287,"comment_status":"open","ping_status":"open","sticky":false,"template":"","format":"standard","meta":{"om_disable_all_campaigns":false,"_uf_show_specific_survey":0,"_uf_disable_surveys":false},"categories":[1],"tags":[],"aioseo_notices":[],"_links":{"self":[{"href":"https:\/\/elconspirador.com.mx\/index.php?rest_route=\/wp\/v2\/posts\/36286"}],"collection":[{"href":"https:\/\/elconspirador.com.mx\/index.php?rest_route=\/wp\/v2\/posts"}],"about":[{"href":"https:\/\/elconspirador.com.mx\/index.php?rest_route=\/wp\/v2\/types\/post"}],"author":[{"embeddable":true,"href":"https:\/\/elconspirador.com.mx\/index.php?rest_route=\/wp\/v2\/users\/1"}],"replies":[{"embeddable":true,"href":"https:\/\/elconspirador.com.mx\/index.php?rest_route=%2Fwp%2Fv2%2Fcomments&post=36286"}],"version-history":[{"count":1,"href":"https:\/\/elconspirador.com.mx\/index.php?rest_route=\/wp\/v2\/posts\/36286\/revisions"}],"predecessor-version":[{"id":36288,"href":"https:\/\/elconspirador.com.mx\/index.php?rest_route=\/wp\/v2\/posts\/36286\/revisions\/36288"}],"wp:featuredmedia":[{"embeddable":true,"href":"https:\/\/elconspirador.com.mx\/index.php?rest_route=\/wp\/v2\/media\/36287"}],"wp:attachment":[{"href":"https:\/\/elconspirador.com.mx\/index.php?rest_route=%2Fwp%2Fv2%2Fmedia&parent=36286"}],"wp:term":[{"taxonomy":"category","embeddable":true,"href":"https:\/\/elconspirador.com.mx\/index.php?rest_route=%2Fwp%2Fv2%2Fcategories&post=36286"},{"taxonomy":"post_tag","embeddable":true,"href":"https:\/\/elconspirador.com.mx\/index.php?rest_route=%2Fwp%2Fv2%2Ftags&post=36286"}],"curies":[{"name":"wp","href":"https:\/\/api.w.org\/{rel}","templated":true}]}}