{"id":36297,"date":"2023-10-31T11:13:49","date_gmt":"2023-10-31T17:13:49","guid":{"rendered":"https:\/\/elconspirador.com.mx\/?p=36297"},"modified":"2023-10-31T11:14:33","modified_gmt":"2023-10-31T17:14:33","slug":"pide-invita-ciudadanos-donar-cobijas","status":"publish","type":"post","link":"https:\/\/elconspirador.com.mx\/?p=36297","title":{"rendered":"PIDE LA CAPITAL A CIUDADANOS  DONAR COBIJAS"},"content":{"rendered":"<p>El DIF municipal de Quer\u00e9taro convoc\u00f3 a la ciudadan\u00eda a donar cobijas como parte de la colecta anual de cobijas 2023 \u201cTeQro C\u00e1lido\u201d, a partir de este 31 de octubre.<\/p>\n<p>Arah\u00ed Dom\u00ednguez Torres, presidenta del DIF de la capital, detall\u00f3 que se contar\u00e1 con centros de acopio en las siete delegaciones y en el DIF de centro c\u00edvico del municipio de Quer\u00e9taro en horario de 8:15 a 16:15 horas.<\/p>\n<p>Detall\u00f3 que se prev\u00e9 comenzar la entrega de las cobijas en las comunidades de la delegaci\u00f3n Santa Rosa J\u00e1uregui el 18 de noviembre y coment\u00f3 que han tenido acercamiento con las plazas Paseo Quer\u00e9taro y Las Am\u00e9ricas para contar con contenedores para recolectar cobijas.<\/p>\n<p>\u201cEstamos listos para empezar, gracias a desarrollo humano porque en la carrera nocturna tambi\u00e9n tuvimos un particular apoyo de todos los participantes. Los queremos c\u00e1lidos a todas las personas que lo necesitan\u201d, dijo.<\/p>\n<p>Gabriela Valencia Garc\u00eda, directora del DIF municipal de Quer\u00e9taro, refiri\u00f3 que en la colecta de 2022 se juntaron m\u00e1s de 29 mil cobijas, de las cuales alrededor de 15 mil se dieron a personas adultas mayores de 98 localidades.<\/p>\n<p>Precis\u00f3 que la entrega de apoyos est\u00e1 sujeta a personas de asistencia social y en situaci\u00f3n de vulnerabilidad, quienes deben presentar una carta petici\u00f3n en la que se\u00f1alen el n\u00famero de cobijas que requieren, adem\u00e1s de presentar INE.<\/p>\n<p>En tanto, Luis Bernardo Nava Guerrero, presidente municipal de Quer\u00e9taro, destac\u00f3 que se estima juntar m\u00e1s de 30 mil cobijas que ser\u00e1n entregadas, principalmente, a personas adultas mayores, ni\u00f1as y ni\u00f1os que habitan en las zonas altas y vulnerables de las delegaciones Santa Rosa J\u00e1uregui, Felipe Carrillo Puerto y Epigmenio Gonz\u00e1lez.<\/p>\n","protected":false},"excerpt":{"rendered":"<p>El DIF municipal de Quer\u00e9taro convoc\u00f3 a la ciudadan\u00eda a donar cobijas como parte de la colecta anual de cobijas 2023 \u201cTeQro C\u00e1lido\u201d, a partir de este 31 de octubre. Arah\u00ed Dom\u00ednguez Torres, presidenta del DIF de la capital, detall\u00f3 que se contar\u00e1 con centros de acopio en las siete delegaciones y en el DIF de centro c\u00edvico del municipio<\/p>\n<div class=\"h10\"><\/div>\n<p><a class=\"more-link2 flat\" href=\"https:\/\/elconspirador.com.mx\/?p=36297\">Leer m\u00e1s<\/a><\/p>\n","protected":false},"author":1,"featured_media":36298,"comment_status":"open","ping_status":"open","sticky":false,"template":"","format":"standard","meta":{"om_disable_all_campaigns":false,"_uf_show_specific_survey":0,"_uf_disable_surveys":false},"categories":[1],"tags":[],"aioseo_notices":[],"_links":{"self":[{"href":"https:\/\/elconspirador.com.mx\/index.php?rest_route=\/wp\/v2\/posts\/36297"}],"collection":[{"href":"https:\/\/elconspirador.com.mx\/index.php?rest_route=\/wp\/v2\/posts"}],"about":[{"href":"https:\/\/elconspirador.com.mx\/index.php?rest_route=\/wp\/v2\/types\/post"}],"author":[{"embeddable":true,"href":"https:\/\/elconspirador.com.mx\/index.php?rest_route=\/wp\/v2\/users\/1"}],"replies":[{"embeddable":true,"href":"https:\/\/elconspirador.com.mx\/index.php?rest_route=%2Fwp%2Fv2%2Fcomments&post=36297"}],"version-history":[{"count":3,"href":"https:\/\/elconspirador.com.mx\/index.php?rest_route=\/wp\/v2\/posts\/36297\/revisions"}],"predecessor-version":[{"id":36304,"href":"https:\/\/elconspirador.com.mx\/index.php?rest_route=\/wp\/v2\/posts\/36297\/revisions\/36304"}],"wp:featuredmedia":[{"embeddable":true,"href":"https:\/\/elconspirador.com.mx\/index.php?rest_route=\/wp\/v2\/media\/36298"}],"wp:attachment":[{"href":"https:\/\/elconspirador.com.mx\/index.php?rest_route=%2Fwp%2Fv2%2Fmedia&parent=36297"}],"wp:term":[{"taxonomy":"category","embeddable":true,"href":"https:\/\/elconspirador.com.mx\/index.php?rest_route=%2Fwp%2Fv2%2Fcategories&post=36297"},{"taxonomy":"post_tag","embeddable":true,"href":"https:\/\/elconspirador.com.mx\/index.php?rest_route=%2Fwp%2Fv2%2Ftags&post=36297"}],"curies":[{"name":"wp","href":"https:\/\/api.w.org\/{rel}","templated":true}]}}