{"id":36308,"date":"2023-10-31T17:57:01","date_gmt":"2023-10-31T23:57:01","guid":{"rendered":"https:\/\/elconspirador.com.mx\/?p=36308"},"modified":"2023-10-31T17:57:01","modified_gmt":"2023-10-31T23:57:01","slug":"costara-17-pesos-pasaje-a-feria-ganadera","status":"publish","type":"post","link":"https:\/\/elconspirador.com.mx\/?p=36308","title":{"rendered":"COSTAR\u00c1 17 PESOS PASAJE A FERIA GANADERA"},"content":{"rendered":"<p>La Agencia de Movilidad del Estado de Quer\u00e9taro estableci\u00f3 una tarifa de 17 pesos para el transporte p\u00fablico a la Feria Internacional Ganadera, as\u00ed lo confirm\u00f3 Gerardo Cuanalo Santos, director de la dependencia.<\/p>\n<p>&#8220;Vamos a tratar de hacer la cobertura a trav\u00e9s de las unidades nuevas que est\u00e1n llegando. Ser\u00e1 exclusivo con el uso de la tarjeta de prepago&#8221;.<\/p>\n<p>Y es que la feria arrancar\u00e1 el 23 de noviembre y concluir\u00e1 el 12 de diciembre, con lo cual se buscar\u00e1 garantizar una tarifa fija para los asistentes.<\/p>\n<p>&#8220;Varia mucho la demanda seg\u00fan el d\u00eda. Estamos entre 5 y 15 unidades dependiendo la hora, en funci\u00f3n de los eventos de la feria&#8221;.<\/p>\n<p>Incluso se\u00f1al\u00f3 que se buscar\u00e1 regular la tarifa de los taxis amarillos, a fin de evitar abusos en el cobro, pues en ediciones anteriores hubo varias denuncias.<\/p>\n<p>&#8220;Es importante aqu\u00ed que la gente utilice el tax\u00edmetro, ese es un tema muy importante porque de esa manera garantizan tarifas&#8221;.<\/p>\n","protected":false},"excerpt":{"rendered":"<p>La Agencia de Movilidad del Estado de Quer\u00e9taro estableci\u00f3 una tarifa de 17 pesos para el transporte p\u00fablico a la Feria Internacional Ganadera, as\u00ed lo confirm\u00f3 Gerardo Cuanalo Santos, director de la dependencia. &#8220;Vamos a tratar de hacer la cobertura a trav\u00e9s de las unidades nuevas que est\u00e1n llegando. Ser\u00e1 exclusivo con el uso de la tarjeta de prepago&#8221;. Y<\/p>\n<div class=\"h10\"><\/div>\n<p><a class=\"more-link2 flat\" href=\"https:\/\/elconspirador.com.mx\/?p=36308\">Leer m\u00e1s<\/a><\/p>\n","protected":false},"author":1,"featured_media":36310,"comment_status":"open","ping_status":"open","sticky":false,"template":"","format":"standard","meta":{"om_disable_all_campaigns":false,"_uf_show_specific_survey":0,"_uf_disable_surveys":false},"categories":[1],"tags":[],"aioseo_notices":[],"_links":{"self":[{"href":"https:\/\/elconspirador.com.mx\/index.php?rest_route=\/wp\/v2\/posts\/36308"}],"collection":[{"href":"https:\/\/elconspirador.com.mx\/index.php?rest_route=\/wp\/v2\/posts"}],"about":[{"href":"https:\/\/elconspirador.com.mx\/index.php?rest_route=\/wp\/v2\/types\/post"}],"author":[{"embeddable":true,"href":"https:\/\/elconspirador.com.mx\/index.php?rest_route=\/wp\/v2\/users\/1"}],"replies":[{"embeddable":true,"href":"https:\/\/elconspirador.com.mx\/index.php?rest_route=%2Fwp%2Fv2%2Fcomments&post=36308"}],"version-history":[{"count":1,"href":"https:\/\/elconspirador.com.mx\/index.php?rest_route=\/wp\/v2\/posts\/36308\/revisions"}],"predecessor-version":[{"id":36311,"href":"https:\/\/elconspirador.com.mx\/index.php?rest_route=\/wp\/v2\/posts\/36308\/revisions\/36311"}],"wp:featuredmedia":[{"embeddable":true,"href":"https:\/\/elconspirador.com.mx\/index.php?rest_route=\/wp\/v2\/media\/36310"}],"wp:attachment":[{"href":"https:\/\/elconspirador.com.mx\/index.php?rest_route=%2Fwp%2Fv2%2Fmedia&parent=36308"}],"wp:term":[{"taxonomy":"category","embeddable":true,"href":"https:\/\/elconspirador.com.mx\/index.php?rest_route=%2Fwp%2Fv2%2Fcategories&post=36308"},{"taxonomy":"post_tag","embeddable":true,"href":"https:\/\/elconspirador.com.mx\/index.php?rest_route=%2Fwp%2Fv2%2Ftags&post=36308"}],"curies":[{"name":"wp","href":"https:\/\/api.w.org\/{rel}","templated":true}]}}