{"id":36338,"date":"2023-11-01T07:57:13","date_gmt":"2023-11-01T13:57:13","guid":{"rendered":"https:\/\/elconspirador.com.mx\/?p=36338"},"modified":"2023-11-01T07:57:13","modified_gmt":"2023-11-01T13:57:13","slug":"para-2024-recurso-para-pena-colorada","status":"publish","type":"post","link":"https:\/\/elconspirador.com.mx\/?p=36338","title":{"rendered":"PARA 2024 RECURSO PARA PE\u00d1A COLORADA"},"content":{"rendered":"<p>El municipio de Quer\u00e9taro contemplar\u00e1 en el presupuesto de egresos 2024 el recurso para el pago a ejidatarios de Pe\u00f1a Colorada, como parte de los compromisos adquiridos con el estado, dio a conocer el alcalde Luis Bernardo Nava Guerrero.<\/p>\n<p>Nava Guerrero record\u00f3 que el compromiso fue que el estado aportara 10 millones de pesos, el municipio de Quer\u00e9taro seis millones de pesos y el municipio de El Marqu\u00e9s tres millones de pesos.<\/p>\n<p>\u201cAyer hubo una reuni\u00f3n en M\u00e9xico, en la Secretar\u00eda de Medio Ambiente y esperemos que nos retroalimenten de cu\u00e1les fueron los acuerdos. Hace unos d\u00edas el ingeniero Marco del Prete inform\u00f3 que se tienen previstos alrededor de 19 millones de pesos para la preservaci\u00f3n de Pe\u00f1a Colorada\u201d, dijo.<\/p>\n<p>El edil mencion\u00f3 que estar\u00e1 a la espera de conocer cu\u00e1les fueron los acuerdos adquiridos con la Secretar\u00eda de Medio Ambiente del gobierno federal, tras una reuni\u00f3n sostenida con autoridades estatales y municipales; refiri\u00f3 que, en el caso de la capital, acudi\u00f3 Juan Carlos Arregu\u00edn, subsecretario de gobierno de la capital.<\/p>\n<p>\u201cDepende de cu\u00e1les son las posibilidades, lo que permita la norma realizar en un \u00e1rea natural protegida de este tipo, desarrollar un proyecto en la medida en que esto sea viable\u201d, a\u00f1adi\u00f3.<\/p>\n","protected":false},"excerpt":{"rendered":"<p>El municipio de Quer\u00e9taro contemplar\u00e1 en el presupuesto de egresos 2024 el recurso para el pago a ejidatarios de Pe\u00f1a Colorada, como parte de los compromisos adquiridos con el estado, dio a conocer el alcalde Luis Bernardo Nava Guerrero. Nava Guerrero record\u00f3 que el compromiso fue que el estado aportara 10 millones de pesos, el municipio de Quer\u00e9taro seis millones<\/p>\n<div class=\"h10\"><\/div>\n<p><a class=\"more-link2 flat\" href=\"https:\/\/elconspirador.com.mx\/?p=36338\">Leer m\u00e1s<\/a><\/p>\n","protected":false},"author":1,"featured_media":36339,"comment_status":"open","ping_status":"open","sticky":false,"template":"","format":"standard","meta":{"om_disable_all_campaigns":false,"_uf_show_specific_survey":0,"_uf_disable_surveys":false},"categories":[1],"tags":[],"aioseo_notices":[],"_links":{"self":[{"href":"https:\/\/elconspirador.com.mx\/index.php?rest_route=\/wp\/v2\/posts\/36338"}],"collection":[{"href":"https:\/\/elconspirador.com.mx\/index.php?rest_route=\/wp\/v2\/posts"}],"about":[{"href":"https:\/\/elconspirador.com.mx\/index.php?rest_route=\/wp\/v2\/types\/post"}],"author":[{"embeddable":true,"href":"https:\/\/elconspirador.com.mx\/index.php?rest_route=\/wp\/v2\/users\/1"}],"replies":[{"embeddable":true,"href":"https:\/\/elconspirador.com.mx\/index.php?rest_route=%2Fwp%2Fv2%2Fcomments&post=36338"}],"version-history":[{"count":1,"href":"https:\/\/elconspirador.com.mx\/index.php?rest_route=\/wp\/v2\/posts\/36338\/revisions"}],"predecessor-version":[{"id":36340,"href":"https:\/\/elconspirador.com.mx\/index.php?rest_route=\/wp\/v2\/posts\/36338\/revisions\/36340"}],"wp:featuredmedia":[{"embeddable":true,"href":"https:\/\/elconspirador.com.mx\/index.php?rest_route=\/wp\/v2\/media\/36339"}],"wp:attachment":[{"href":"https:\/\/elconspirador.com.mx\/index.php?rest_route=%2Fwp%2Fv2%2Fmedia&parent=36338"}],"wp:term":[{"taxonomy":"category","embeddable":true,"href":"https:\/\/elconspirador.com.mx\/index.php?rest_route=%2Fwp%2Fv2%2Fcategories&post=36338"},{"taxonomy":"post_tag","embeddable":true,"href":"https:\/\/elconspirador.com.mx\/index.php?rest_route=%2Fwp%2Fv2%2Ftags&post=36338"}],"curies":[{"name":"wp","href":"https:\/\/api.w.org\/{rel}","templated":true}]}}