{"id":36344,"date":"2023-11-01T09:10:35","date_gmt":"2023-11-01T15:10:35","guid":{"rendered":"https:\/\/elconspirador.com.mx\/?p=36344"},"modified":"2023-11-01T09:10:35","modified_gmt":"2023-11-01T15:10:35","slug":"alistan-licitacion-para-parque-la-queretana","status":"publish","type":"post","link":"https:\/\/elconspirador.com.mx\/?p=36344","title":{"rendered":"ALISTAN LICITACI\u00d3N PARA PARQUE \u201cLA QUERETANA\u201d"},"content":{"rendered":"<p>La Secretar\u00eda de obras p\u00fablicas del municipio de Quer\u00e9taro lanzar\u00e1 en pr\u00f3ximos d\u00edas la licitaci\u00f3n para la ejecuci\u00f3n del proyecto del parque La Queretana, en el cual se invertir\u00e1n alrededor de 200 millones de pesos, inform\u00f3 Oriana L\u00f3pez Castillo, titular de la dependencia.<\/p>\n<p>La funcionaria dijo que el \u00e1rea natural protegida tiene una extensi\u00f3n de 224 hect\u00e1reas, de las cuales el municipio ya cuenta con m\u00e1s de 90 hect\u00e1reas, adem\u00e1s de que confirm\u00f3 que est\u00e1 en proceso la expropiaci\u00f3n de predios.<\/p>\n<p>\u201cEs un proyecto con visi\u00f3n de conectividad intraurbana e inclusi\u00f3n social, al d\u00eda de hoy ya contamos con m\u00e1s de 90 hect\u00e1reas que tenemos como objetivo arrancar para esta primera etapa de conservaci\u00f3n en el \u00e1rea natural protegida\u201d, a\u00f1adi\u00f3.<\/p>\n<p>Subray\u00f3 que el principal enfoque del proyecto es la reforestaci\u00f3n, conservaci\u00f3n de especies nativas, el desarrollo de un proyecto hidrol\u00f3gico de regulaci\u00f3n pluvial en la zona, as\u00ed como el fomento de actividades de esparcimiento, salud, sustentabilidad, conservaci\u00f3n y educaci\u00f3n ambiental en la comunidad.<\/p>\n<p>\u201cDentro de este proyecto se destaca el proyecto hidrol\u00f3gico de regulaci\u00f3n pluvial, ya que vamos a crear bordos contenedores que alivian el desbordamiento pluvial en la zona, as\u00ed como el aprovechamiento de recurso hidr\u00e1ulico para la conservaci\u00f3n vegetal del parque\u201d, dijo.<\/p>\n","protected":false},"excerpt":{"rendered":"<p>La Secretar\u00eda de obras p\u00fablicas del municipio de Quer\u00e9taro lanzar\u00e1 en pr\u00f3ximos d\u00edas la licitaci\u00f3n para la ejecuci\u00f3n del proyecto del parque La Queretana, en el cual se invertir\u00e1n alrededor de 200 millones de pesos, inform\u00f3 Oriana L\u00f3pez Castillo, titular de la dependencia. La funcionaria dijo que el \u00e1rea natural protegida tiene una extensi\u00f3n de 224 hect\u00e1reas, de las cuales<\/p>\n<div class=\"h10\"><\/div>\n<p><a class=\"more-link2 flat\" href=\"https:\/\/elconspirador.com.mx\/?p=36344\">Leer m\u00e1s<\/a><\/p>\n","protected":false},"author":1,"featured_media":36345,"comment_status":"open","ping_status":"open","sticky":false,"template":"","format":"standard","meta":{"om_disable_all_campaigns":false,"_uf_show_specific_survey":0,"_uf_disable_surveys":false},"categories":[1],"tags":[],"aioseo_notices":[],"_links":{"self":[{"href":"https:\/\/elconspirador.com.mx\/index.php?rest_route=\/wp\/v2\/posts\/36344"}],"collection":[{"href":"https:\/\/elconspirador.com.mx\/index.php?rest_route=\/wp\/v2\/posts"}],"about":[{"href":"https:\/\/elconspirador.com.mx\/index.php?rest_route=\/wp\/v2\/types\/post"}],"author":[{"embeddable":true,"href":"https:\/\/elconspirador.com.mx\/index.php?rest_route=\/wp\/v2\/users\/1"}],"replies":[{"embeddable":true,"href":"https:\/\/elconspirador.com.mx\/index.php?rest_route=%2Fwp%2Fv2%2Fcomments&post=36344"}],"version-history":[{"count":1,"href":"https:\/\/elconspirador.com.mx\/index.php?rest_route=\/wp\/v2\/posts\/36344\/revisions"}],"predecessor-version":[{"id":36346,"href":"https:\/\/elconspirador.com.mx\/index.php?rest_route=\/wp\/v2\/posts\/36344\/revisions\/36346"}],"wp:featuredmedia":[{"embeddable":true,"href":"https:\/\/elconspirador.com.mx\/index.php?rest_route=\/wp\/v2\/media\/36345"}],"wp:attachment":[{"href":"https:\/\/elconspirador.com.mx\/index.php?rest_route=%2Fwp%2Fv2%2Fmedia&parent=36344"}],"wp:term":[{"taxonomy":"category","embeddable":true,"href":"https:\/\/elconspirador.com.mx\/index.php?rest_route=%2Fwp%2Fv2%2Fcategories&post=36344"},{"taxonomy":"post_tag","embeddable":true,"href":"https:\/\/elconspirador.com.mx\/index.php?rest_route=%2Fwp%2Fv2%2Ftags&post=36344"}],"curies":[{"name":"wp","href":"https:\/\/api.w.org\/{rel}","templated":true}]}}