{"id":36357,"date":"2023-11-06T08:28:31","date_gmt":"2023-11-06T14:28:31","guid":{"rendered":"https:\/\/elconspirador.com.mx\/?p=36357"},"modified":"2023-11-06T08:28:31","modified_gmt":"2023-11-06T14:28:31","slug":"esta-semana-listos-los-carriles-confinados-de-5-de-febrero","status":"publish","type":"post","link":"https:\/\/elconspirador.com.mx\/?p=36357","title":{"rendered":"ESTA SEMANA LISTOS LOS CARRILES CONFINADOS DE 5 DE FEBRERO"},"content":{"rendered":"<p>El Secretario de Desarrollo Urbano y Obras P\u00fablicas, Fernando Gonz\u00e1lez Salinas, destac\u00f3 que esta semana concluir\u00e1n las obras de los carriles confinados de avenida 5 de Febrero.<\/p>\n<p>Luego de haber concluido con la construcci\u00f3n de las siete paradas, asegur\u00f3 que la estructura del transporte se encuentra pr\u00e1cticamente terminada.<\/p>\n<p>&#8220;Nosotros terminamos esta semana, de construir, faltaba una partecita, que era lo de Tlacote, ya nos pusieron las trabas que faltaban, unas trabes met\u00e1licas para poderlo subir al paso a desnivel&#8221;.<\/p>\n<p>Sin embargo, la Agencia de Movilidad determinar\u00e1 cu\u00e1ndo se pondr\u00e1n en marcha, pues una vez concluidas se har\u00e1 la entrega a esa dependencia.<\/p>\n<p>Con ello, asegur\u00f3 que la obra ya presenta un avance significativo y estar\u00e1 lista para el mes de diciembre, cuando se tiene programada la entrega.<\/p>\n","protected":false},"excerpt":{"rendered":"<p>El Secretario de Desarrollo Urbano y Obras P\u00fablicas, Fernando Gonz\u00e1lez Salinas, destac\u00f3 que esta semana concluir\u00e1n las obras de los carriles confinados de avenida 5 de Febrero. Luego de haber concluido con la construcci\u00f3n de las siete paradas, asegur\u00f3 que la estructura del transporte se encuentra pr\u00e1cticamente terminada. &#8220;Nosotros terminamos esta semana, de construir, faltaba una partecita, que era lo<\/p>\n<div class=\"h10\"><\/div>\n<p><a class=\"more-link2 flat\" href=\"https:\/\/elconspirador.com.mx\/?p=36357\">Leer m\u00e1s<\/a><\/p>\n","protected":false},"author":1,"featured_media":36358,"comment_status":"open","ping_status":"open","sticky":false,"template":"","format":"standard","meta":{"om_disable_all_campaigns":false,"_uf_show_specific_survey":0,"_uf_disable_surveys":false},"categories":[1],"tags":[],"aioseo_notices":[],"_links":{"self":[{"href":"https:\/\/elconspirador.com.mx\/index.php?rest_route=\/wp\/v2\/posts\/36357"}],"collection":[{"href":"https:\/\/elconspirador.com.mx\/index.php?rest_route=\/wp\/v2\/posts"}],"about":[{"href":"https:\/\/elconspirador.com.mx\/index.php?rest_route=\/wp\/v2\/types\/post"}],"author":[{"embeddable":true,"href":"https:\/\/elconspirador.com.mx\/index.php?rest_route=\/wp\/v2\/users\/1"}],"replies":[{"embeddable":true,"href":"https:\/\/elconspirador.com.mx\/index.php?rest_route=%2Fwp%2Fv2%2Fcomments&post=36357"}],"version-history":[{"count":1,"href":"https:\/\/elconspirador.com.mx\/index.php?rest_route=\/wp\/v2\/posts\/36357\/revisions"}],"predecessor-version":[{"id":36359,"href":"https:\/\/elconspirador.com.mx\/index.php?rest_route=\/wp\/v2\/posts\/36357\/revisions\/36359"}],"wp:featuredmedia":[{"embeddable":true,"href":"https:\/\/elconspirador.com.mx\/index.php?rest_route=\/wp\/v2\/media\/36358"}],"wp:attachment":[{"href":"https:\/\/elconspirador.com.mx\/index.php?rest_route=%2Fwp%2Fv2%2Fmedia&parent=36357"}],"wp:term":[{"taxonomy":"category","embeddable":true,"href":"https:\/\/elconspirador.com.mx\/index.php?rest_route=%2Fwp%2Fv2%2Fcategories&post=36357"},{"taxonomy":"post_tag","embeddable":true,"href":"https:\/\/elconspirador.com.mx\/index.php?rest_route=%2Fwp%2Fv2%2Ftags&post=36357"}],"curies":[{"name":"wp","href":"https:\/\/api.w.org\/{rel}","templated":true}]}}