{"id":36363,"date":"2023-10-31T20:19:40","date_gmt":"2023-11-01T02:19:40","guid":{"rendered":"https:\/\/elconspirador.com.mx\/?p=36363"},"modified":"2023-10-31T20:19:40","modified_gmt":"2023-11-01T02:19:40","slug":"ofrenda-capitalina-en-honor-se-policias-caidos","status":"publish","type":"post","link":"https:\/\/elconspirador.com.mx\/?p=36363","title":{"rendered":"OFRENDA CAPITALINA EN HONOR SE POLIC\u00cdAS CA\u00cdDOS"},"content":{"rendered":"<p>En el marco de la celebraci\u00f3n del D\u00eda de los Muertos, el Presidente Municipal de Quer\u00e9taro, Luis Nava, inaugur\u00f3 el Altar Monumental que las y los elementos de la Secretar\u00eda de Seguridad P\u00fablica Municipal, montaron en honor a sus compa\u00f1eros ca\u00eddos en el cumplimiento de su deber, as\u00ed como a caninos del grupo K-9.<\/p>\n<p>Ataviada como Catrina, la Polic\u00eda Tercero, Auria Lira, explic\u00f3 los elementos que integran la ofrenda, con los que se busc\u00f3 honrar la vida de todas y todos aquellos compa\u00f1eros que f\u00edsicamente ya no est\u00e1n con ellos, pero que son recordados por su gran labor en la instituci\u00f3n, lo mismo que sus compa\u00f1eros caninos que con el andar de los a\u00f1os han fallecido. Resalt\u00f3 que desde 2016, el grupo de Polic\u00eda de Proximidad inici\u00f3 la tradici\u00f3n de realizar este homenaje a sus compa\u00f1eros ausentes.<\/p>\n<p>El Altar de Muertos Monumental fue instalado en el patio de la Delegaci\u00f3n Centro Hist\u00f3rico, por lo que la ciudadan\u00eda podr\u00e1 admirarlo desde este martes 31 de octubre y hasta el jueves 2 de noviembre de las 8 y hasta las 16:00 horas.<\/p>\n<p>Cabe hacer menci\u00f3n que este martes habr\u00e1 presentaciones especiales en este Altar con catrinas y calacas a las 17:00 y 19:00 horas.<\/p>\n","protected":false},"excerpt":{"rendered":"<p>En el marco de la celebraci\u00f3n del D\u00eda de los Muertos, el Presidente Municipal de Quer\u00e9taro, Luis Nava, inaugur\u00f3 el Altar Monumental que las y los elementos de la Secretar\u00eda de Seguridad P\u00fablica Municipal, montaron en honor a sus compa\u00f1eros ca\u00eddos en el cumplimiento de su deber, as\u00ed como a caninos del grupo K-9. Ataviada como Catrina, la Polic\u00eda Tercero,<\/p>\n<div class=\"h10\"><\/div>\n<p><a class=\"more-link2 flat\" href=\"https:\/\/elconspirador.com.mx\/?p=36363\">Leer m\u00e1s<\/a><\/p>\n","protected":false},"author":1,"featured_media":36364,"comment_status":"open","ping_status":"open","sticky":false,"template":"","format":"standard","meta":{"om_disable_all_campaigns":false,"_uf_show_specific_survey":0,"_uf_disable_surveys":false},"categories":[1],"tags":[],"aioseo_notices":[],"_links":{"self":[{"href":"https:\/\/elconspirador.com.mx\/index.php?rest_route=\/wp\/v2\/posts\/36363"}],"collection":[{"href":"https:\/\/elconspirador.com.mx\/index.php?rest_route=\/wp\/v2\/posts"}],"about":[{"href":"https:\/\/elconspirador.com.mx\/index.php?rest_route=\/wp\/v2\/types\/post"}],"author":[{"embeddable":true,"href":"https:\/\/elconspirador.com.mx\/index.php?rest_route=\/wp\/v2\/users\/1"}],"replies":[{"embeddable":true,"href":"https:\/\/elconspirador.com.mx\/index.php?rest_route=%2Fwp%2Fv2%2Fcomments&post=36363"}],"version-history":[{"count":1,"href":"https:\/\/elconspirador.com.mx\/index.php?rest_route=\/wp\/v2\/posts\/36363\/revisions"}],"predecessor-version":[{"id":36365,"href":"https:\/\/elconspirador.com.mx\/index.php?rest_route=\/wp\/v2\/posts\/36363\/revisions\/36365"}],"wp:featuredmedia":[{"embeddable":true,"href":"https:\/\/elconspirador.com.mx\/index.php?rest_route=\/wp\/v2\/media\/36364"}],"wp:attachment":[{"href":"https:\/\/elconspirador.com.mx\/index.php?rest_route=%2Fwp%2Fv2%2Fmedia&parent=36363"}],"wp:term":[{"taxonomy":"category","embeddable":true,"href":"https:\/\/elconspirador.com.mx\/index.php?rest_route=%2Fwp%2Fv2%2Fcategories&post=36363"},{"taxonomy":"post_tag","embeddable":true,"href":"https:\/\/elconspirador.com.mx\/index.php?rest_route=%2Fwp%2Fv2%2Ftags&post=36363"}],"curies":[{"name":"wp","href":"https:\/\/api.w.org\/{rel}","templated":true}]}}