{"id":36371,"date":"2023-11-01T06:56:06","date_gmt":"2023-11-01T12:56:06","guid":{"rendered":"https:\/\/elconspirador.com.mx\/?p=36371"},"modified":"2023-11-01T06:56:06","modified_gmt":"2023-11-01T12:56:06","slug":"inauguran-altar-monumental-en-plaza-de-armas","status":"publish","type":"post","link":"https:\/\/elconspirador.com.mx\/?p=36371","title":{"rendered":"INAUGURAN ALTAR MONUMENTAL EN PLAZA DE ARMAS"},"content":{"rendered":"<p>La secretaria de Turismo estatal, Adriana Vega V\u00e1zquez Mellado, en compa\u00f1\u00eda de la directora del Patronato de las Fiestas de Quer\u00e9taro, Gloria Garc\u00eda Alcocer, y del vicario de la Di\u00f3cesis de Quer\u00e9taro, Mart\u00edn Lara Becerril, inaugur\u00f3 el Altar de Muertos Monumental de Plaza de Armas, que en esta ocasi\u00f3n est\u00e1 dedicado en memoria del actor queretano Don Paco Rabell, fundador del Teatro Corral de Comedias.<\/p>\n<p>El altar es parte del Festival de D\u00eda de Muertos que organiza la Secretar\u00eda de Turismo estatal (SECTUR) y que se realiza desde el 28 de octubre y hasta el 5 de noviembre.<\/p>\n","protected":false},"excerpt":{"rendered":"<p>La secretaria de Turismo estatal, Adriana Vega V\u00e1zquez Mellado, en compa\u00f1\u00eda de la directora del Patronato de las Fiestas de Quer\u00e9taro, Gloria Garc\u00eda Alcocer, y del vicario de la Di\u00f3cesis de Quer\u00e9taro, Mart\u00edn Lara Becerril, inaugur\u00f3 el Altar de Muertos Monumental de Plaza de Armas, que en esta ocasi\u00f3n est\u00e1 dedicado en memoria del actor queretano Don Paco Rabell, fundador<\/p>\n<div class=\"h10\"><\/div>\n<p><a class=\"more-link2 flat\" href=\"https:\/\/elconspirador.com.mx\/?p=36371\">Leer m\u00e1s<\/a><\/p>\n","protected":false},"author":1,"featured_media":36372,"comment_status":"open","ping_status":"open","sticky":false,"template":"","format":"standard","meta":{"om_disable_all_campaigns":false,"_uf_show_specific_survey":0,"_uf_disable_surveys":false},"categories":[1],"tags":[],"aioseo_notices":[],"_links":{"self":[{"href":"https:\/\/elconspirador.com.mx\/index.php?rest_route=\/wp\/v2\/posts\/36371"}],"collection":[{"href":"https:\/\/elconspirador.com.mx\/index.php?rest_route=\/wp\/v2\/posts"}],"about":[{"href":"https:\/\/elconspirador.com.mx\/index.php?rest_route=\/wp\/v2\/types\/post"}],"author":[{"embeddable":true,"href":"https:\/\/elconspirador.com.mx\/index.php?rest_route=\/wp\/v2\/users\/1"}],"replies":[{"embeddable":true,"href":"https:\/\/elconspirador.com.mx\/index.php?rest_route=%2Fwp%2Fv2%2Fcomments&post=36371"}],"version-history":[{"count":1,"href":"https:\/\/elconspirador.com.mx\/index.php?rest_route=\/wp\/v2\/posts\/36371\/revisions"}],"predecessor-version":[{"id":36373,"href":"https:\/\/elconspirador.com.mx\/index.php?rest_route=\/wp\/v2\/posts\/36371\/revisions\/36373"}],"wp:featuredmedia":[{"embeddable":true,"href":"https:\/\/elconspirador.com.mx\/index.php?rest_route=\/wp\/v2\/media\/36372"}],"wp:attachment":[{"href":"https:\/\/elconspirador.com.mx\/index.php?rest_route=%2Fwp%2Fv2%2Fmedia&parent=36371"}],"wp:term":[{"taxonomy":"category","embeddable":true,"href":"https:\/\/elconspirador.com.mx\/index.php?rest_route=%2Fwp%2Fv2%2Fcategories&post=36371"},{"taxonomy":"post_tag","embeddable":true,"href":"https:\/\/elconspirador.com.mx\/index.php?rest_route=%2Fwp%2Fv2%2Ftags&post=36371"}],"curies":[{"name":"wp","href":"https:\/\/api.w.org\/{rel}","templated":true}]}}