{"id":36415,"date":"2023-11-03T09:47:32","date_gmt":"2023-11-03T15:47:32","guid":{"rendered":"https:\/\/elconspirador.com.mx\/?p=36415"},"modified":"2023-11-03T09:47:32","modified_gmt":"2023-11-03T15:47:32","slug":"bienestar-reprocha-al-pan-ataques-vs-la-dependencia","status":"publish","type":"post","link":"https:\/\/elconspirador.com.mx\/?p=36415","title":{"rendered":"BIENESTAR REPROCHA AL PAN ATAQUES VS LA DEPENDENCIA"},"content":{"rendered":"<p>Roc\u00edo Peniche Vera, delegada de Bienestar Quer\u00e9taro, reprob\u00f3 el uso del aparato gubernamental para se\u00f1alar, constantemente, a la dependencia, ante la presunta participaci\u00f3n de trabajadores en la \u201cmarcha del agua\u201d.<\/p>\n<p>Lo anterior, ante el se\u00f1alamiento del Partido Acci\u00f3n Nacional (PAN) sobre la participaci\u00f3n de servidores de la naci\u00f3n.<\/p>\n<p>\u201cAnte los distintos se\u00f1alamientos, solo quienes constantemente hablan de cuestiones pol\u00edtico electorales pueden enturbiar un movimiento altamente social y humanitario. Reprobamos que, ante cualquier inconformidad ciudadana, el aparato gubernamental se\u00f1ale constantemente a la instituci\u00f3n en lugar de atender las demandas de los queretanos\u201d, dijo.<\/p>\n<p>Ante la solicitud de separarse del cargo, Peniche Vera precis\u00f3 que la delegaci\u00f3n siempre ha sido sensible de las necesidades de la ciudadan\u00eda y record\u00f3 que el nombramiento lo recibi\u00f3 del presidente municipal Andr\u00e9s Manuel L\u00f3pez Obrador.<\/p>\n<p>\u201cRecib\u00ed un nombramiento directo de nuestro presidente Andr\u00e9s Manuel L\u00f3pez Obrador y consideramos que se ha cumplido a cabalidad su encomienda, que es atender sin intermediarios a la poblaci\u00f3n, en eso nos hemos enfocado\u201d, puntualiz\u00f3.<\/p>\n<p>Asimismo, coment\u00f3 que la delegaci\u00f3n del Bienestar Quer\u00e9taro ser\u00e1 respetuosa de las causas y movimientos sociales que han abanderado los ciudadanos de Macon\u00ed, quienes caminaron cientos de kil\u00f3metros para ser escuchados por el gobierno estatal. Insisti\u00f3 en que si hubo personal de la delegaci\u00f3n que particip\u00f3 lo hizo a t\u00edtulo personal, ante la necesidad por carecer de los servicios.<\/p>\n<p>\u201cSolo se tienen denuncias an\u00f3nimas y una lista de nombres que se repite en medios nacionales, mismos que no tienen el contexto completo porque no acompa\u00f1aron a las personas serranas para entender sus denuncias\u201d, dijo.<\/p>\n","protected":false},"excerpt":{"rendered":"<p>Roc\u00edo Peniche Vera, delegada de Bienestar Quer\u00e9taro, reprob\u00f3 el uso del aparato gubernamental para se\u00f1alar, constantemente, a la dependencia, ante la presunta participaci\u00f3n de trabajadores en la \u201cmarcha del agua\u201d. Lo anterior, ante el se\u00f1alamiento del Partido Acci\u00f3n Nacional (PAN) sobre la participaci\u00f3n de servidores de la naci\u00f3n. \u201cAnte los distintos se\u00f1alamientos, solo quienes constantemente hablan de cuestiones pol\u00edtico electorales<\/p>\n<div class=\"h10\"><\/div>\n<p><a class=\"more-link2 flat\" href=\"https:\/\/elconspirador.com.mx\/?p=36415\">Leer m\u00e1s<\/a><\/p>\n","protected":false},"author":1,"featured_media":36417,"comment_status":"open","ping_status":"open","sticky":false,"template":"","format":"standard","meta":{"om_disable_all_campaigns":false,"_uf_show_specific_survey":0,"_uf_disable_surveys":false},"categories":[1],"tags":[],"aioseo_notices":[],"_links":{"self":[{"href":"https:\/\/elconspirador.com.mx\/index.php?rest_route=\/wp\/v2\/posts\/36415"}],"collection":[{"href":"https:\/\/elconspirador.com.mx\/index.php?rest_route=\/wp\/v2\/posts"}],"about":[{"href":"https:\/\/elconspirador.com.mx\/index.php?rest_route=\/wp\/v2\/types\/post"}],"author":[{"embeddable":true,"href":"https:\/\/elconspirador.com.mx\/index.php?rest_route=\/wp\/v2\/users\/1"}],"replies":[{"embeddable":true,"href":"https:\/\/elconspirador.com.mx\/index.php?rest_route=%2Fwp%2Fv2%2Fcomments&post=36415"}],"version-history":[{"count":1,"href":"https:\/\/elconspirador.com.mx\/index.php?rest_route=\/wp\/v2\/posts\/36415\/revisions"}],"predecessor-version":[{"id":36416,"href":"https:\/\/elconspirador.com.mx\/index.php?rest_route=\/wp\/v2\/posts\/36415\/revisions\/36416"}],"wp:featuredmedia":[{"embeddable":true,"href":"https:\/\/elconspirador.com.mx\/index.php?rest_route=\/wp\/v2\/media\/36417"}],"wp:attachment":[{"href":"https:\/\/elconspirador.com.mx\/index.php?rest_route=%2Fwp%2Fv2%2Fmedia&parent=36415"}],"wp:term":[{"taxonomy":"category","embeddable":true,"href":"https:\/\/elconspirador.com.mx\/index.php?rest_route=%2Fwp%2Fv2%2Fcategories&post=36415"},{"taxonomy":"post_tag","embeddable":true,"href":"https:\/\/elconspirador.com.mx\/index.php?rest_route=%2Fwp%2Fv2%2Ftags&post=36415"}],"curies":[{"name":"wp","href":"https:\/\/api.w.org\/{rel}","templated":true}]}}