{"id":36418,"date":"2023-11-02T13:01:41","date_gmt":"2023-11-02T19:01:41","guid":{"rendered":"https:\/\/elconspirador.com.mx\/?p=36418"},"modified":"2023-11-02T13:01:41","modified_gmt":"2023-11-02T19:01:41","slug":"por-horario-invernal-ninos-entraran-tarde-a-escuelas","status":"publish","type":"post","link":"https:\/\/elconspirador.com.mx\/?p=36418","title":{"rendered":"POR  HORARIO INVERNAL NI\u00d1OS ENTRAR\u00c1N TARDE A ESCUELAS"},"content":{"rendered":"<p>A partir del 15 de noviembre entrar\u00e1 en vigor el horario invernal en Quer\u00e9taro, as\u00ed lo confirm\u00f3 el coordinador de la Unidad de Servicios para la Educaci\u00f3n B\u00e1sica en el Estado de Quer\u00e9taro (USEBEQ), Ra\u00fal Iturralde Olvera.<\/p>\n<p>Con el objetivo de mitigar las enfermedades respiratorias por los fuertes fr\u00edos, las escuelas recorrer\u00e1n media hora la entrada, en los horarios matutinos.<\/p>\n<p>&#8220;En todo el estado y en los horarios matutinos, se recorre media hora la entrada. Lo importante es proteger a las ni\u00f1as y a los ni\u00f1os&#8221;.<\/p>\n<p>Sin embargo, aclar\u00f3 que desde ahora se ha permitido a los alumnos portar ropa abrigadora distinta a los uniformes oficiales, con el objetivo de brindar protecci\u00f3n.<\/p>\n<p>&#8220;Si ellos tienen prendas abrigadoras que no corresponden al uniforme con toda libertad lo pueden usar, desde que empiece a hacer fr\u00edo&#8221;.<\/p>\n","protected":false},"excerpt":{"rendered":"<p>A partir del 15 de noviembre entrar\u00e1 en vigor el horario invernal en Quer\u00e9taro, as\u00ed lo confirm\u00f3 el coordinador de la Unidad de Servicios para la Educaci\u00f3n B\u00e1sica en el Estado de Quer\u00e9taro (USEBEQ), Ra\u00fal Iturralde Olvera. Con el objetivo de mitigar las enfermedades respiratorias por los fuertes fr\u00edos, las escuelas recorrer\u00e1n media hora la entrada, en los horarios matutinos.<\/p>\n<div class=\"h10\"><\/div>\n<p><a class=\"more-link2 flat\" href=\"https:\/\/elconspirador.com.mx\/?p=36418\">Leer m\u00e1s<\/a><\/p>\n","protected":false},"author":1,"featured_media":36417,"comment_status":"open","ping_status":"open","sticky":false,"template":"","format":"standard","meta":{"om_disable_all_campaigns":false,"_uf_show_specific_survey":0,"_uf_disable_surveys":false},"categories":[1],"tags":[],"aioseo_notices":[],"_links":{"self":[{"href":"https:\/\/elconspirador.com.mx\/index.php?rest_route=\/wp\/v2\/posts\/36418"}],"collection":[{"href":"https:\/\/elconspirador.com.mx\/index.php?rest_route=\/wp\/v2\/posts"}],"about":[{"href":"https:\/\/elconspirador.com.mx\/index.php?rest_route=\/wp\/v2\/types\/post"}],"author":[{"embeddable":true,"href":"https:\/\/elconspirador.com.mx\/index.php?rest_route=\/wp\/v2\/users\/1"}],"replies":[{"embeddable":true,"href":"https:\/\/elconspirador.com.mx\/index.php?rest_route=%2Fwp%2Fv2%2Fcomments&post=36418"}],"version-history":[{"count":2,"href":"https:\/\/elconspirador.com.mx\/index.php?rest_route=\/wp\/v2\/posts\/36418\/revisions"}],"predecessor-version":[{"id":36439,"href":"https:\/\/elconspirador.com.mx\/index.php?rest_route=\/wp\/v2\/posts\/36418\/revisions\/36439"}],"wp:featuredmedia":[{"embeddable":true,"href":"https:\/\/elconspirador.com.mx\/index.php?rest_route=\/wp\/v2\/media\/36417"}],"wp:attachment":[{"href":"https:\/\/elconspirador.com.mx\/index.php?rest_route=%2Fwp%2Fv2%2Fmedia&parent=36418"}],"wp:term":[{"taxonomy":"category","embeddable":true,"href":"https:\/\/elconspirador.com.mx\/index.php?rest_route=%2Fwp%2Fv2%2Fcategories&post=36418"},{"taxonomy":"post_tag","embeddable":true,"href":"https:\/\/elconspirador.com.mx\/index.php?rest_route=%2Fwp%2Fv2%2Ftags&post=36418"}],"curies":[{"name":"wp","href":"https:\/\/api.w.org\/{rel}","templated":true}]}}