{"id":36429,"date":"2023-11-02T09:42:06","date_gmt":"2023-11-02T15:42:06","guid":{"rendered":"https:\/\/elconspirador.com.mx\/?p=36429"},"modified":"2023-11-02T09:42:06","modified_gmt":"2023-11-02T15:42:06","slug":"queretaro-tendra-invierno-intenso","status":"publish","type":"post","link":"https:\/\/elconspirador.com.mx\/?p=36429","title":{"rendered":"QUER\u00c9TARO TENDR\u00c1 INVIERNO INTENSO"},"content":{"rendered":"<p>El coordinador estatal de Protecci\u00f3n Civil, Javier Amaya Torres, destac\u00f3 que esta temporada se espera un invierno m\u00e1s duro para Quer\u00e9taro.<\/p>\n<p>Indic\u00f3 que en comparaci\u00f3n con el a\u00f1o anterior, este invierno se esperan hasta cuatro grados menos y en algunas comunidades podr\u00eda caer aguanieve.<\/p>\n<p>&#8220;El pron\u00f3stico es que viene m\u00e1s fuerte que el a\u00f1o pasado. Vamos a tener fr\u00edos poco m\u00e1s intensos, ser\u00e1 a lo mejor una diferencia de 3 o 4 grados menores, pero eso causa sensaci\u00f3n t\u00e9rmica mayor&#8221;.<\/p>\n<p>Ante la baja de la temperatura, Amaya Torres dijo que ya se habilitaron 12 albergues y en todo el estado habr\u00e1 m\u00e1s espacios, con capacidad de hasta 9 mil 500 personas.<\/p>\n<p>&#8220;Es el aviso de que estamos entrando en la temporada de fr\u00edo. Vamos a ayudar al estado a distribuir cobijas y obviamente a ver lo de los albergues&#8221;.<\/p>\n<p>Adicionalmente, destac\u00f3 que las bajas temperaturas de esta semana se deben a la presencia del frente fr\u00edo n\u00famero 8, con mayor efectos en la zona de Pinal de Amoles, San Joaqu\u00edn y Amealco.<\/p>\n","protected":false},"excerpt":{"rendered":"<p>El coordinador estatal de Protecci\u00f3n Civil, Javier Amaya Torres, destac\u00f3 que esta temporada se espera un invierno m\u00e1s duro para Quer\u00e9taro. Indic\u00f3 que en comparaci\u00f3n con el a\u00f1o anterior, este invierno se esperan hasta cuatro grados menos y en algunas comunidades podr\u00eda caer aguanieve. &#8220;El pron\u00f3stico es que viene m\u00e1s fuerte que el a\u00f1o pasado. Vamos a tener fr\u00edos poco<\/p>\n<div class=\"h10\"><\/div>\n<p><a class=\"more-link2 flat\" href=\"https:\/\/elconspirador.com.mx\/?p=36429\">Leer m\u00e1s<\/a><\/p>\n","protected":false},"author":1,"featured_media":36430,"comment_status":"open","ping_status":"open","sticky":false,"template":"","format":"standard","meta":{"om_disable_all_campaigns":false,"_uf_show_specific_survey":0,"_uf_disable_surveys":false},"categories":[1],"tags":[],"aioseo_notices":[],"_links":{"self":[{"href":"https:\/\/elconspirador.com.mx\/index.php?rest_route=\/wp\/v2\/posts\/36429"}],"collection":[{"href":"https:\/\/elconspirador.com.mx\/index.php?rest_route=\/wp\/v2\/posts"}],"about":[{"href":"https:\/\/elconspirador.com.mx\/index.php?rest_route=\/wp\/v2\/types\/post"}],"author":[{"embeddable":true,"href":"https:\/\/elconspirador.com.mx\/index.php?rest_route=\/wp\/v2\/users\/1"}],"replies":[{"embeddable":true,"href":"https:\/\/elconspirador.com.mx\/index.php?rest_route=%2Fwp%2Fv2%2Fcomments&post=36429"}],"version-history":[{"count":1,"href":"https:\/\/elconspirador.com.mx\/index.php?rest_route=\/wp\/v2\/posts\/36429\/revisions"}],"predecessor-version":[{"id":36431,"href":"https:\/\/elconspirador.com.mx\/index.php?rest_route=\/wp\/v2\/posts\/36429\/revisions\/36431"}],"wp:featuredmedia":[{"embeddable":true,"href":"https:\/\/elconspirador.com.mx\/index.php?rest_route=\/wp\/v2\/media\/36430"}],"wp:attachment":[{"href":"https:\/\/elconspirador.com.mx\/index.php?rest_route=%2Fwp%2Fv2%2Fmedia&parent=36429"}],"wp:term":[{"taxonomy":"category","embeddable":true,"href":"https:\/\/elconspirador.com.mx\/index.php?rest_route=%2Fwp%2Fv2%2Fcategories&post=36429"},{"taxonomy":"post_tag","embeddable":true,"href":"https:\/\/elconspirador.com.mx\/index.php?rest_route=%2Fwp%2Fv2%2Ftags&post=36429"}],"curies":[{"name":"wp","href":"https:\/\/api.w.org\/{rel}","templated":true}]}}