{"id":36449,"date":"2023-11-03T09:48:47","date_gmt":"2023-11-03T15:48:47","guid":{"rendered":"https:\/\/elconspirador.com.mx\/?p=36449"},"modified":"2023-11-03T09:48:47","modified_gmt":"2023-11-03T15:48:47","slug":"adornan-la-puerta-del-cielo-por-el-dia-de-muertos","status":"publish","type":"post","link":"https:\/\/elconspirador.com.mx\/?p=36449","title":{"rendered":"ADORNAN LA PUERTA DEL CIELO POR EL D\u00cdA DE MUERTOS"},"content":{"rendered":"<p>Con motivo de las celebraciones por el D\u00eda de Muertos, el gobierno municipal de Pinal de Amoles adorn\u00f3 con im\u00e1genes alusivas a la fecha, la entrada a Puerta del Cielo.<\/p>\n<p>Y es que en fechas conmemorativas, el municipio tambi\u00e9n adorn\u00f3, la fecha m\u00e1s reciente fue el 16 de septiembre con adornos patrios.<\/p>\n<p>&#8220;El departamento de Servicios P\u00fablicos Municipales se la rifaron como siempre para tener nuestros lugares p\u00fablicos limpios y bonitos para recibir a nuestros visitantes, esta vez adornaron la Puerta de Cielo en honor a nuestras celebraciones de D\u00eda de Muertos&#8221;.<\/p>\n<p>Con ello, las autoridades tur\u00edsticas esperan atraer m\u00e1s turistas, tambi\u00e9n en el marco del nombramiento de Pinal de Amoles como pueblo m\u00e1gico<\/p>\n","protected":false},"excerpt":{"rendered":"<p>Con motivo de las celebraciones por el D\u00eda de Muertos, el gobierno municipal de Pinal de Amoles adorn\u00f3 con im\u00e1genes alusivas a la fecha, la entrada a Puerta del Cielo. Y es que en fechas conmemorativas, el municipio tambi\u00e9n adorn\u00f3, la fecha m\u00e1s reciente fue el 16 de septiembre con adornos patrios. &#8220;El departamento de Servicios P\u00fablicos Municipales se la<\/p>\n<div class=\"h10\"><\/div>\n<p><a class=\"more-link2 flat\" href=\"https:\/\/elconspirador.com.mx\/?p=36449\">Leer m\u00e1s<\/a><\/p>\n","protected":false},"author":1,"featured_media":36450,"comment_status":"open","ping_status":"open","sticky":false,"template":"","format":"standard","meta":{"om_disable_all_campaigns":false,"_uf_show_specific_survey":0,"_uf_disable_surveys":false},"categories":[1],"tags":[],"aioseo_notices":[],"_links":{"self":[{"href":"https:\/\/elconspirador.com.mx\/index.php?rest_route=\/wp\/v2\/posts\/36449"}],"collection":[{"href":"https:\/\/elconspirador.com.mx\/index.php?rest_route=\/wp\/v2\/posts"}],"about":[{"href":"https:\/\/elconspirador.com.mx\/index.php?rest_route=\/wp\/v2\/types\/post"}],"author":[{"embeddable":true,"href":"https:\/\/elconspirador.com.mx\/index.php?rest_route=\/wp\/v2\/users\/1"}],"replies":[{"embeddable":true,"href":"https:\/\/elconspirador.com.mx\/index.php?rest_route=%2Fwp%2Fv2%2Fcomments&post=36449"}],"version-history":[{"count":1,"href":"https:\/\/elconspirador.com.mx\/index.php?rest_route=\/wp\/v2\/posts\/36449\/revisions"}],"predecessor-version":[{"id":36451,"href":"https:\/\/elconspirador.com.mx\/index.php?rest_route=\/wp\/v2\/posts\/36449\/revisions\/36451"}],"wp:featuredmedia":[{"embeddable":true,"href":"https:\/\/elconspirador.com.mx\/index.php?rest_route=\/wp\/v2\/media\/36450"}],"wp:attachment":[{"href":"https:\/\/elconspirador.com.mx\/index.php?rest_route=%2Fwp%2Fv2%2Fmedia&parent=36449"}],"wp:term":[{"taxonomy":"category","embeddable":true,"href":"https:\/\/elconspirador.com.mx\/index.php?rest_route=%2Fwp%2Fv2%2Fcategories&post=36449"},{"taxonomy":"post_tag","embeddable":true,"href":"https:\/\/elconspirador.com.mx\/index.php?rest_route=%2Fwp%2Fv2%2Ftags&post=36449"}],"curies":[{"name":"wp","href":"https:\/\/api.w.org\/{rel}","templated":true}]}}