{"id":36455,"date":"2023-11-06T08:27:40","date_gmt":"2023-11-06T14:27:40","guid":{"rendered":"https:\/\/elconspirador.com.mx\/?p=36455"},"modified":"2023-11-06T08:27:40","modified_gmt":"2023-11-06T14:27:40","slug":"personas-en-prision-podran-votar-ine","status":"publish","type":"post","link":"https:\/\/elconspirador.com.mx\/?p=36455","title":{"rendered":"PERSONAS EN PRISION PODR\u00c1N VOTAR: INE"},"content":{"rendered":"<p>Ana Lilia P\u00e9rez Mendoza, vocal ejecutiva del Instituto Nacional Electoral (INE) en Quer\u00e9taro, dijo que se encuentran a la espera de los lineamientos del INE para la votaci\u00f3n de personas en prisi\u00f3n sin sentencia.<\/p>\n<p>Indic\u00f3 que, luego de contar con los lineamientos, comenzar\u00e1n a gestionar con las autoridades cu\u00e1l es la lista nominal de personas en prisi\u00f3n preventiva sin sentencia, con apoyo, tambi\u00e9n, del registro federal de electores.<\/p>\n<p>&#8220;Tenemos que esperar a lineamientos, de qu\u00e9 depende o no que puedan participar las personas recluidas en los penales del estado de Quer\u00e9taro, del convenio de apoyo de colaboraci\u00f3n que firmemos, pero en este proceso electoral va en todas las entidades federativas&#8221;, dijo.<\/p>\n<p>Record\u00f3 que, anteriormente, se realizaron piloteos en el Estado de M\u00e9xico y Coahuila, y precis\u00f3 que las personas podr\u00e1n votar por los cargos de presidencia de la Rep\u00fablica, diputaciones federales si tienen domicilio en Quer\u00e9taro y por senadur\u00edas de representaci\u00f3n proporcional.<\/p>\n<p>A\u00f1adi\u00f3 que ya tuvieron un primer acercamiento con las autoridades penitenciarias de Quer\u00e9taro para solicitar una estad\u00edstica\u00a0y plantear el proyecto, con el objetivo de acudir una semana antes a los centros penitenciarios para que las personas puedan ejercer su derecho al sufragio.<\/p>\n<p>&#8220;Es como una casilla especial que se reducen las posibilidades al caso espec\u00edfico de la persona, si t\u00fa acudes a una casilla especial pero no vives en Quer\u00e9taro no puedes votar por ninguno de los cargos locales, pero s\u00ed podr\u00e1s votar por senadores de RP y por presidente de la Rep\u00fablica, ah\u00ed nos vamos por cuestiones espec\u00edficas&#8221;, agreg\u00f3.<\/p>\n","protected":false},"excerpt":{"rendered":"<p>Ana Lilia P\u00e9rez Mendoza, vocal ejecutiva del Instituto Nacional Electoral (INE) en Quer\u00e9taro, dijo que se encuentran a la espera de los lineamientos del INE para la votaci\u00f3n de personas en prisi\u00f3n sin sentencia. Indic\u00f3 que, luego de contar con los lineamientos, comenzar\u00e1n a gestionar con las autoridades cu\u00e1l es la lista nominal de personas en prisi\u00f3n preventiva sin sentencia,<\/p>\n<div class=\"h10\"><\/div>\n<p><a class=\"more-link2 flat\" href=\"https:\/\/elconspirador.com.mx\/?p=36455\">Leer m\u00e1s<\/a><\/p>\n","protected":false},"author":1,"featured_media":36456,"comment_status":"open","ping_status":"open","sticky":false,"template":"","format":"standard","meta":{"om_disable_all_campaigns":false,"_uf_show_specific_survey":0,"_uf_disable_surveys":false},"categories":[1],"tags":[],"aioseo_notices":[],"_links":{"self":[{"href":"https:\/\/elconspirador.com.mx\/index.php?rest_route=\/wp\/v2\/posts\/36455"}],"collection":[{"href":"https:\/\/elconspirador.com.mx\/index.php?rest_route=\/wp\/v2\/posts"}],"about":[{"href":"https:\/\/elconspirador.com.mx\/index.php?rest_route=\/wp\/v2\/types\/post"}],"author":[{"embeddable":true,"href":"https:\/\/elconspirador.com.mx\/index.php?rest_route=\/wp\/v2\/users\/1"}],"replies":[{"embeddable":true,"href":"https:\/\/elconspirador.com.mx\/index.php?rest_route=%2Fwp%2Fv2%2Fcomments&post=36455"}],"version-history":[{"count":1,"href":"https:\/\/elconspirador.com.mx\/index.php?rest_route=\/wp\/v2\/posts\/36455\/revisions"}],"predecessor-version":[{"id":36457,"href":"https:\/\/elconspirador.com.mx\/index.php?rest_route=\/wp\/v2\/posts\/36455\/revisions\/36457"}],"wp:featuredmedia":[{"embeddable":true,"href":"https:\/\/elconspirador.com.mx\/index.php?rest_route=\/wp\/v2\/media\/36456"}],"wp:attachment":[{"href":"https:\/\/elconspirador.com.mx\/index.php?rest_route=%2Fwp%2Fv2%2Fmedia&parent=36455"}],"wp:term":[{"taxonomy":"category","embeddable":true,"href":"https:\/\/elconspirador.com.mx\/index.php?rest_route=%2Fwp%2Fv2%2Fcategories&post=36455"},{"taxonomy":"post_tag","embeddable":true,"href":"https:\/\/elconspirador.com.mx\/index.php?rest_route=%2Fwp%2Fv2%2Ftags&post=36455"}],"curies":[{"name":"wp","href":"https:\/\/api.w.org\/{rel}","templated":true}]}}