{"id":36470,"date":"2023-11-04T14:33:30","date_gmt":"2023-11-04T20:33:30","guid":{"rendered":"https:\/\/elconspirador.com.mx\/?p=36470"},"modified":"2023-11-04T14:33:30","modified_gmt":"2023-11-04T20:33:30","slug":"convoca-capital-a-congreso-de-familias","status":"publish","type":"post","link":"https:\/\/elconspirador.com.mx\/?p=36470","title":{"rendered":"CONVOCA CAPITAL A CONGRESO DE FAM\u00cdLIAS"},"content":{"rendered":"<p>El Instituto Municipal de la Familia del municipio de Quer\u00e9taro convoc\u00f3 a las familias de la capital a participar en el Congreso de las familias \u201cFamilia: semilla de paz\u201d, el cual se llevar\u00e1 a cabo los d\u00edas 25 y 26 de noviembre en el Colegio Fray Luis de Le\u00f3n.<\/p>\n<p>En rueda de prensa, Luc\u00eda Hern\u00e1ndez Pinto, directora del instituto, destac\u00f3 que se trata de un encuentro de reflexi\u00f3n y formaci\u00f3n dise\u00f1ado para que todas las familias puedan aprender, divertirse, conocerse mejor, fortalecerse como personas y como familia, reconoci\u00e9ndose como generadores de prosperidad y paz social.<\/p>\n<p>El congreso se dirigir\u00e1 a tres grupos de edad, quienes contar\u00e1 con espacios de enfoque de acuerdo con su edad, por ejemplo, los menores de 4 a 12 a\u00f1os se ubicar\u00e1n en el \u00e1rea de kinder, mientras que en el auditorio Santo Tom\u00e1s estar\u00e1 los j\u00f3venes de 13 a\u00f1os en adelante, mientras que en el auditorio principal se encontrar\u00e1n las personas adultas.<\/p>\n<p>El evento es gratuito; sin embargo, es necesario registra asistencia en la p\u00e1gina https:\/\/app.smartsheet.com\/b\/form\/2046ef02277846ff8c1da29112eca2da; el evento se llevar\u00e1 a cabo de 08:50 a 18:30 horas el 25 de noviembre y de 09:00 a 13:00 horas el 26 de noviembre.<\/p>\n<p>De acuerdo con la directora, se ofrecer\u00e1n conferencias, conversatorios, talleres, din\u00e1micas de vinculaci\u00f3n, juegos, manualidades y un concierto musical.<\/p>\n","protected":false},"excerpt":{"rendered":"<p>El Instituto Municipal de la Familia del municipio de Quer\u00e9taro convoc\u00f3 a las familias de la capital a participar en el Congreso de las familias \u201cFamilia: semilla de paz\u201d, el cual se llevar\u00e1 a cabo los d\u00edas 25 y 26 de noviembre en el Colegio Fray Luis de Le\u00f3n. En rueda de prensa, Luc\u00eda Hern\u00e1ndez Pinto, directora del instituto, destac\u00f3<\/p>\n<div class=\"h10\"><\/div>\n<p><a class=\"more-link2 flat\" href=\"https:\/\/elconspirador.com.mx\/?p=36470\">Leer m\u00e1s<\/a><\/p>\n","protected":false},"author":1,"featured_media":36471,"comment_status":"open","ping_status":"open","sticky":false,"template":"","format":"standard","meta":{"om_disable_all_campaigns":false,"_uf_show_specific_survey":0,"_uf_disable_surveys":false},"categories":[1],"tags":[],"aioseo_notices":[],"_links":{"self":[{"href":"https:\/\/elconspirador.com.mx\/index.php?rest_route=\/wp\/v2\/posts\/36470"}],"collection":[{"href":"https:\/\/elconspirador.com.mx\/index.php?rest_route=\/wp\/v2\/posts"}],"about":[{"href":"https:\/\/elconspirador.com.mx\/index.php?rest_route=\/wp\/v2\/types\/post"}],"author":[{"embeddable":true,"href":"https:\/\/elconspirador.com.mx\/index.php?rest_route=\/wp\/v2\/users\/1"}],"replies":[{"embeddable":true,"href":"https:\/\/elconspirador.com.mx\/index.php?rest_route=%2Fwp%2Fv2%2Fcomments&post=36470"}],"version-history":[{"count":1,"href":"https:\/\/elconspirador.com.mx\/index.php?rest_route=\/wp\/v2\/posts\/36470\/revisions"}],"predecessor-version":[{"id":36472,"href":"https:\/\/elconspirador.com.mx\/index.php?rest_route=\/wp\/v2\/posts\/36470\/revisions\/36472"}],"wp:featuredmedia":[{"embeddable":true,"href":"https:\/\/elconspirador.com.mx\/index.php?rest_route=\/wp\/v2\/media\/36471"}],"wp:attachment":[{"href":"https:\/\/elconspirador.com.mx\/index.php?rest_route=%2Fwp%2Fv2%2Fmedia&parent=36470"}],"wp:term":[{"taxonomy":"category","embeddable":true,"href":"https:\/\/elconspirador.com.mx\/index.php?rest_route=%2Fwp%2Fv2%2Fcategories&post=36470"},{"taxonomy":"post_tag","embeddable":true,"href":"https:\/\/elconspirador.com.mx\/index.php?rest_route=%2Fwp%2Fv2%2Ftags&post=36470"}],"curies":[{"name":"wp","href":"https:\/\/api.w.org\/{rel}","templated":true}]}}