{"id":36479,"date":"2023-11-03T12:17:44","date_gmt":"2023-11-03T18:17:44","guid":{"rendered":"https:\/\/elconspirador.com.mx\/?p=36479"},"modified":"2023-11-03T12:17:44","modified_gmt":"2023-11-03T18:17:44","slug":"mas-de-130-mil-visitan-panteones-queretanos","status":"publish","type":"post","link":"https:\/\/elconspirador.com.mx\/?p=36479","title":{"rendered":"M\u00c1S DE 130 MIL VISITAN PANTEONES QUERETANOS"},"content":{"rendered":"<p>Durante los d\u00edas 1 y 2 de noviembre se tuvo una afluencia de 135 mil 815 personas en los ocho panteones de la capital, informaron autoridades del municipio de Quer\u00e9taro.<\/p>\n<p>En rueda de prensa, Francisco Ram\u00edrez Santana, director de protecci\u00f3n civil de la capital, detall\u00f3 que se tuvo un incremento en la afluencia del 9.9 por ciento en comparaci\u00f3n con 2022, cuando hubo una afluencia de 123 mil 561 personas.<\/p>\n<p>Detall\u00f3 que tan solo el 2 de noviembre hubo una asistencia de 33 mil 244 personas en el pante\u00f3n Cimatario, 20 mil 888 en Mompan\u00ed, 18 mil 15 en Santa Rosa J\u00e1uregui, 12 mil 259 en Jofre, dos mil 497 en Pintillo, 11 mil 688 en San Pedro M\u00e1rtir, cinco mil 949 en H\u00e9rcules y 12 mil 505 en Buenavista.<\/p>\n<p>\u201cDimos alrededor de 18 atenciones m\u00e9dicas, todas m\u00e9dico cl\u00ednicas, padecimientos de algunas personas que no tomaron alg\u00fan medicamento y \u00fanicamente se les dio seguimiento puntual, hubo en San Pedro M\u00e1rtir una persona que al encender una de las parrillas alcanz\u00f3 algo de su cabello, pero no requiri\u00f3 atenci\u00f3n m\u00e9dica\u201d, a\u00f1adi\u00f3.<\/p>\n<p>En tanto, Alejandra Haro de la Torre, secretaria de servicios p\u00fablicos municipales, mencion\u00f3 que en el operativo participaron 300 personas de la dependencia en la limpieza al interior de los panteones, abasteciendo de agua las piletas y en papeleo al exterior.<\/p>\n<p>Agreg\u00f3 que ambos d\u00edas se recolectaron 15 toneladas de residuos al interior de los panteones, principalmente restos de flores, y 17 toneladas al exterior. Adem\u00e1s, dijo que el personal de aseo mantuvo un operativo de limpieza en el centro, principalmente en Jard\u00edn Guerrero, Andador Madero, 16 de septiembre, plaza constituci\u00f3n y plaza de armas, donde se recogieron 19 toneladas de residuos.<\/p>\n","protected":false},"excerpt":{"rendered":"<p>Durante los d\u00edas 1 y 2 de noviembre se tuvo una afluencia de 135 mil 815 personas en los ocho panteones de la capital, informaron autoridades del municipio de Quer\u00e9taro. En rueda de prensa, Francisco Ram\u00edrez Santana, director de protecci\u00f3n civil de la capital, detall\u00f3 que se tuvo un incremento en la afluencia del 9.9 por ciento en comparaci\u00f3n con<\/p>\n<div class=\"h10\"><\/div>\n<p><a class=\"more-link2 flat\" href=\"https:\/\/elconspirador.com.mx\/?p=36479\">Leer m\u00e1s<\/a><\/p>\n","protected":false},"author":1,"featured_media":36481,"comment_status":"open","ping_status":"open","sticky":false,"template":"","format":"standard","meta":{"om_disable_all_campaigns":false,"_uf_show_specific_survey":0,"_uf_disable_surveys":false},"categories":[1],"tags":[],"aioseo_notices":[],"_links":{"self":[{"href":"https:\/\/elconspirador.com.mx\/index.php?rest_route=\/wp\/v2\/posts\/36479"}],"collection":[{"href":"https:\/\/elconspirador.com.mx\/index.php?rest_route=\/wp\/v2\/posts"}],"about":[{"href":"https:\/\/elconspirador.com.mx\/index.php?rest_route=\/wp\/v2\/types\/post"}],"author":[{"embeddable":true,"href":"https:\/\/elconspirador.com.mx\/index.php?rest_route=\/wp\/v2\/users\/1"}],"replies":[{"embeddable":true,"href":"https:\/\/elconspirador.com.mx\/index.php?rest_route=%2Fwp%2Fv2%2Fcomments&post=36479"}],"version-history":[{"count":2,"href":"https:\/\/elconspirador.com.mx\/index.php?rest_route=\/wp\/v2\/posts\/36479\/revisions"}],"predecessor-version":[{"id":36482,"href":"https:\/\/elconspirador.com.mx\/index.php?rest_route=\/wp\/v2\/posts\/36479\/revisions\/36482"}],"wp:featuredmedia":[{"embeddable":true,"href":"https:\/\/elconspirador.com.mx\/index.php?rest_route=\/wp\/v2\/media\/36481"}],"wp:attachment":[{"href":"https:\/\/elconspirador.com.mx\/index.php?rest_route=%2Fwp%2Fv2%2Fmedia&parent=36479"}],"wp:term":[{"taxonomy":"category","embeddable":true,"href":"https:\/\/elconspirador.com.mx\/index.php?rest_route=%2Fwp%2Fv2%2Fcategories&post=36479"},{"taxonomy":"post_tag","embeddable":true,"href":"https:\/\/elconspirador.com.mx\/index.php?rest_route=%2Fwp%2Fv2%2Ftags&post=36479"}],"curies":[{"name":"wp","href":"https:\/\/api.w.org\/{rel}","templated":true}]}}