{"id":36489,"date":"2023-11-05T09:31:57","date_gmt":"2023-11-05T15:31:57","guid":{"rendered":"https:\/\/elconspirador.com.mx\/?p=36489"},"modified":"2023-11-05T09:31:57","modified_gmt":"2023-11-05T15:31:57","slug":"a-corregidora-asistieron-25-mil-a-sus-panteones","status":"publish","type":"post","link":"https:\/\/elconspirador.com.mx\/?p=36489","title":{"rendered":"A CORREGIDORA ASISTIERON 25 MIL A SUS PANTEONES"},"content":{"rendered":"<p>Un aforo superior a las 25 mil personas y saldo blanco se registr\u00f3 en los panteones municipales de Santa B\u00e1rbara y de la comunidad de Pita, en Corregidora, durante los d\u00edas 1 y 2 de noviembre, dio a conocer Omar Lugo Aguilar, director de Protecci\u00f3n Civil Municipal, quien mencion\u00f3 que el d\u00eda 3 de noviembre tendr\u00e1n presencia en dichos espacios, donde se mantendr\u00e1 el horario ampliado de 8:00 de la ma\u00f1ana a 8:00 de la noche, para quienes deseen visitar a sus fieles difuntos.<\/p>\n<p>Refiri\u00f3 que, a comparaci\u00f3n de a\u00f1os anteriores debido a las restricciones que exig\u00edan los protocolos preventivos y de protecci\u00f3n establecidos derivado de la pandemia por la presencia del COVID-19, la afluencia de visitantes a los camposantos fue destacada, dado que en dos d\u00edas se super\u00f3 la expectativa de las 20 mil personas que se preve\u00eda acudir\u00edan a honrar a sus familiares que partieron del plano terrenal.<\/p>\n<p>Precis\u00f3 que, durante el d\u00eda primero de mes, en el pante\u00f3n de Santa B\u00e1rbara se tuvo una afluencia de 2,382 personas, mientras que en el de Pita, el aforo fue de 830 visitantes; el d\u00eda 2 de noviembre en dichos espacios, en el primero se tuvo la presencia de 13,642 ciudadanos, y al segundo arribaron 8,645, sumando un total en dichas fechas de 25,499 personas.<\/p>\n<p>Destac\u00f3 que, gracias a la colaboraci\u00f3n de los asistentes, as\u00ed como a la presencia de personal de Protecci\u00f3n Civil Municipal y de elementos de la Secretar\u00eda de Seguridad P\u00fablica Municipal, se registr\u00f3 saldo blanco. Mencion\u00f3 que durante el d\u00eda 3 de noviembre se mantiene presencia en ambos cementerios para garantizar la seguridad de los asistentes, quienes podr\u00e1n aprovechar el horario ampliado, de 8:00 de la ma\u00f1ana a 8:00 de la noche, establecido por la Secretar\u00eda de Servicios P\u00fablicos Municipales en estos d\u00edas festivos.<\/p>\n<p>El Municipio de Corregidora, a trav\u00e9s de la Secretar\u00eda de Desarrollo Econ\u00f3mico, invita a la ciudadan\u00eda a continuar con la celebraci\u00f3n del D\u00eda de Muertos, disfrutando de las diversas actividades y espect\u00e1culos del 5\u00ba Festival Huesos y Tradiciones.<\/p>\n<p>Para este viernes 3 de noviembre habr\u00e1 un concurso de calaveritas literarias y, con la colaboraci\u00f3n de la Universidad Tecnol\u00f3gica de Corregidora, se llevar\u00e1 a cabo la escenificaci\u00f3n 6 leyendas de El Pueblito: La mujer con cara de caballo, El jinete sin cabeza, Peque\u00f1as \u00e1nimas, El nahual, Los prisioneros y El descanso de los muertos; adem\u00e1s se tendr\u00e1 la participaci\u00f3n del grupo musical La Neta del Planeta.<\/p>\n<p>Para los d\u00edas 4 y 5 se tiene preparado un altar viviente, con personajes de Corregidora, as\u00ed como espect\u00e1culos musicales de DJ\u2019s con alebrijes iluminados, adem\u00e1s de la presentaci\u00f3n de un ballet folkl\u00f3rico.<\/p>\n<p>Durante estos d\u00edas, los asistentes tambi\u00e9n podr\u00e1n disfrutar de la zona gastron\u00f3mica y artesanal, as\u00ed como la proyecci\u00f3n de videomapping sobre la Pir\u00e1mide de El Cerrito. Para mayor informaci\u00f3n, el programa de actividades puede ser consultado en las p\u00e1ginas del Municipio. \u00a1Corregidora los espera para que sean parte de esta gran fiesta!<\/p>\n","protected":false},"excerpt":{"rendered":"<p>Un aforo superior a las 25 mil personas y saldo blanco se registr\u00f3 en los panteones municipales de Santa B\u00e1rbara y de la comunidad de Pita, en Corregidora, durante los d\u00edas 1 y 2 de noviembre, dio a conocer Omar Lugo Aguilar, director de Protecci\u00f3n Civil Municipal, quien mencion\u00f3 que el d\u00eda 3 de noviembre tendr\u00e1n presencia en dichos espacios,<\/p>\n<div class=\"h10\"><\/div>\n<p><a class=\"more-link2 flat\" href=\"https:\/\/elconspirador.com.mx\/?p=36489\">Leer m\u00e1s<\/a><\/p>\n","protected":false},"author":1,"featured_media":36490,"comment_status":"open","ping_status":"open","sticky":false,"template":"","format":"standard","meta":{"om_disable_all_campaigns":false,"_uf_show_specific_survey":0,"_uf_disable_surveys":false},"categories":[1],"tags":[],"aioseo_notices":[],"_links":{"self":[{"href":"https:\/\/elconspirador.com.mx\/index.php?rest_route=\/wp\/v2\/posts\/36489"}],"collection":[{"href":"https:\/\/elconspirador.com.mx\/index.php?rest_route=\/wp\/v2\/posts"}],"about":[{"href":"https:\/\/elconspirador.com.mx\/index.php?rest_route=\/wp\/v2\/types\/post"}],"author":[{"embeddable":true,"href":"https:\/\/elconspirador.com.mx\/index.php?rest_route=\/wp\/v2\/users\/1"}],"replies":[{"embeddable":true,"href":"https:\/\/elconspirador.com.mx\/index.php?rest_route=%2Fwp%2Fv2%2Fcomments&post=36489"}],"version-history":[{"count":1,"href":"https:\/\/elconspirador.com.mx\/index.php?rest_route=\/wp\/v2\/posts\/36489\/revisions"}],"predecessor-version":[{"id":36491,"href":"https:\/\/elconspirador.com.mx\/index.php?rest_route=\/wp\/v2\/posts\/36489\/revisions\/36491"}],"wp:featuredmedia":[{"embeddable":true,"href":"https:\/\/elconspirador.com.mx\/index.php?rest_route=\/wp\/v2\/media\/36490"}],"wp:attachment":[{"href":"https:\/\/elconspirador.com.mx\/index.php?rest_route=%2Fwp%2Fv2%2Fmedia&parent=36489"}],"wp:term":[{"taxonomy":"category","embeddable":true,"href":"https:\/\/elconspirador.com.mx\/index.php?rest_route=%2Fwp%2Fv2%2Fcategories&post=36489"},{"taxonomy":"post_tag","embeddable":true,"href":"https:\/\/elconspirador.com.mx\/index.php?rest_route=%2Fwp%2Fv2%2Ftags&post=36489"}],"curies":[{"name":"wp","href":"https:\/\/api.w.org\/{rel}","templated":true}]}}