{"id":36492,"date":"2023-11-04T10:44:40","date_gmt":"2023-11-04T16:44:40","guid":{"rendered":"https:\/\/elconspirador.com.mx\/?p=36492"},"modified":"2023-11-04T10:44:40","modified_gmt":"2023-11-04T16:44:40","slug":"saldo-blanco-por-dia-de-muertos-en-el-marques","status":"publish","type":"post","link":"https:\/\/elconspirador.com.mx\/?p=36492","title":{"rendered":"SALDO BLANCO POR D\u00cdA DE MUERTOS EN EL MARQU\u00c9S"},"content":{"rendered":"<p>Del 1 al 2 de noviembre, el municipio de El Marqu\u00e9s, a trav\u00e9s de la Coordinaci\u00f3n de Protecci\u00f3n Civil municipal y la Secretar\u00eda de Seguridad P\u00fablica y Tr\u00e1nsito Municipal (SSPyTM) registr\u00f3 un saldo blanco durante el operativo por las celebraciones de D\u00eda de Muertos en los siete panteones de la demarcaci\u00f3n, con el objetivo de fomentar las tradiciones y brindar seguridad a quienes visiten a sus difuntos.<\/p>\n<p>De acuerdo con la instituci\u00f3n, se registr\u00f3 un aforo total de 110 mil 700 asistentes durante los dos d\u00edas. Entre las relevancias se encontr\u00f3 un traslado de paciente de Santa Mar\u00eda de los Ba\u00f1os, al Hospital General Regional 2 del IMSS 2, ubicado en La Pradera, por crisis convulsiva.<\/p>\n<p>El estado de fuerza con el que se cont\u00f3 fue de 28 unidades como ambulancias de cuidados cr\u00edticos, drones, Razor (RZR), Gesti\u00f3n Integral de Riesgos y Comando (GIRCOM) y de respuesta r\u00e1pida; as\u00ed como 55 elementos que supervisaban dentro y fuera de las instalaciones.<\/p>\n<p>En el caso de la Secretar\u00eda de Seguridad P\u00fablica y Tr\u00e1nsito Municipal, se registr\u00f3 un estado de fuerza de 200 elementos y 71 unidades distribuidas en patrullas, motopatrullas, unidad de control y comando C16, y el Grupo de Adiestramiento Canino K9. A su vez, se cont\u00f3 con la asistencia de la Polic\u00eda Estatal, la cual dispuso de 36 elementos y 12 unidades.<\/p>\n<p>A fin de brindar una buena imagen en los cementerios, por parte de la Secretar\u00eda de Servicios P\u00fablicos Municipales participaron 120 elementos que realizaron labores de mantenimiento y limpieza.<\/p>\n<p>Durante estas festividades se ubicaron 400 puestos de antojitos, dulces t\u00edpicos, nieves, bebidas, flores y recuerdos.<\/p>\n","protected":false},"excerpt":{"rendered":"<p>Del 1 al 2 de noviembre, el municipio de El Marqu\u00e9s, a trav\u00e9s de la Coordinaci\u00f3n de Protecci\u00f3n Civil municipal y la Secretar\u00eda de Seguridad P\u00fablica y Tr\u00e1nsito Municipal (SSPyTM) registr\u00f3 un saldo blanco durante el operativo por las celebraciones de D\u00eda de Muertos en los siete panteones de la demarcaci\u00f3n, con el objetivo de fomentar las tradiciones y brindar<\/p>\n<div class=\"h10\"><\/div>\n<p><a class=\"more-link2 flat\" href=\"https:\/\/elconspirador.com.mx\/?p=36492\">Leer m\u00e1s<\/a><\/p>\n","protected":false},"author":1,"featured_media":36493,"comment_status":"open","ping_status":"open","sticky":false,"template":"","format":"standard","meta":{"om_disable_all_campaigns":false,"_uf_show_specific_survey":0,"_uf_disable_surveys":false},"categories":[1],"tags":[],"aioseo_notices":[],"_links":{"self":[{"href":"https:\/\/elconspirador.com.mx\/index.php?rest_route=\/wp\/v2\/posts\/36492"}],"collection":[{"href":"https:\/\/elconspirador.com.mx\/index.php?rest_route=\/wp\/v2\/posts"}],"about":[{"href":"https:\/\/elconspirador.com.mx\/index.php?rest_route=\/wp\/v2\/types\/post"}],"author":[{"embeddable":true,"href":"https:\/\/elconspirador.com.mx\/index.php?rest_route=\/wp\/v2\/users\/1"}],"replies":[{"embeddable":true,"href":"https:\/\/elconspirador.com.mx\/index.php?rest_route=%2Fwp%2Fv2%2Fcomments&post=36492"}],"version-history":[{"count":1,"href":"https:\/\/elconspirador.com.mx\/index.php?rest_route=\/wp\/v2\/posts\/36492\/revisions"}],"predecessor-version":[{"id":36494,"href":"https:\/\/elconspirador.com.mx\/index.php?rest_route=\/wp\/v2\/posts\/36492\/revisions\/36494"}],"wp:featuredmedia":[{"embeddable":true,"href":"https:\/\/elconspirador.com.mx\/index.php?rest_route=\/wp\/v2\/media\/36493"}],"wp:attachment":[{"href":"https:\/\/elconspirador.com.mx\/index.php?rest_route=%2Fwp%2Fv2%2Fmedia&parent=36492"}],"wp:term":[{"taxonomy":"category","embeddable":true,"href":"https:\/\/elconspirador.com.mx\/index.php?rest_route=%2Fwp%2Fv2%2Fcategories&post=36492"},{"taxonomy":"post_tag","embeddable":true,"href":"https:\/\/elconspirador.com.mx\/index.php?rest_route=%2Fwp%2Fv2%2Ftags&post=36492"}],"curies":[{"name":"wp","href":"https:\/\/api.w.org\/{rel}","templated":true}]}}