{"id":36507,"date":"2023-11-04T12:49:21","date_gmt":"2023-11-04T18:49:21","guid":{"rendered":"https:\/\/elconspirador.com.mx\/?p=36507"},"modified":"2023-11-04T12:49:21","modified_gmt":"2023-11-04T18:49:21","slug":"tragico-accidente-deja-un-muerto-de-saldo","status":"publish","type":"post","link":"https:\/\/elconspirador.com.mx\/?p=36507","title":{"rendered":"TR\u00c1GICO ACCIDENTE DEJA UN MUERTO DE SALDO"},"content":{"rendered":"<p>La ma\u00f1ana de este s\u00e1bado, se registr\u00f3 un tr\u00e1gico accidente en la carretera federal 57, a la altura de la comunidad de Ojo de Agua, en la delegaci\u00f3n de Santa Rosa J\u00e1uregui, que dej\u00f3 como saldo a una persona muerta y otra m\u00e1s lesionada de gravedad.<\/p>\n<p>El accidente se registr\u00f3 en direcci\u00f3n a Quer\u00e9taro, cuando por causas desconocidas el operador del tractocami\u00f3n con plataforma y cargado con varillas, perdi\u00f3 el control de su pesada unidad y sali\u00f3 del camino, para quedar en una cuenta, d\u00f3nde los tripulantes quedaron prensados.<\/p>\n<p>Tras el reporte a la l\u00ednea de emergencias, param\u00e9dicos y bomberos se trasladaron al lugar, quienes trabajaron para liberar a los ocupantes de la pesada unidad con equipo hidr\u00e1ulico, lamentablemente durante los trabajos, una persona perdi\u00f3 la vida y mientras que a su acompa\u00f1ante se logr\u00f3 rescatarlo.<\/p>\n<p>Elementos de la Guardia Nacional divisi\u00f3n de carreteras acudieron como primeros respondientes, quienes abanderaron y cerraron la circulaci\u00f3n de la vialidad, debido a que una ambulancia a\u00e9rea aterriz\u00f3 en la zona, para realizar el traslado del lesionado a un hospital, d\u00f3nde se reporta grave.<\/p>\n<p>Personal pericial acudi\u00f3 a procesar la escena del fatal percance y realizaron el levantamiento del cuerpo, para trasladarlo a las instalaciones del Servicio M\u00e9dico Forense, d\u00f3nde se le aplicar\u00e1 la necropsia de rigor correspondiente.<\/p>\n","protected":false},"excerpt":{"rendered":"<p>La ma\u00f1ana de este s\u00e1bado, se registr\u00f3 un tr\u00e1gico accidente en la carretera federal 57, a la altura de la comunidad de Ojo de Agua, en la delegaci\u00f3n de Santa Rosa J\u00e1uregui, que dej\u00f3 como saldo a una persona muerta y otra m\u00e1s lesionada de gravedad. El accidente se registr\u00f3 en direcci\u00f3n a Quer\u00e9taro, cuando por causas desconocidas el operador<\/p>\n<div class=\"h10\"><\/div>\n<p><a class=\"more-link2 flat\" href=\"https:\/\/elconspirador.com.mx\/?p=36507\">Leer m\u00e1s<\/a><\/p>\n","protected":false},"author":1,"featured_media":36508,"comment_status":"open","ping_status":"open","sticky":false,"template":"","format":"standard","meta":{"om_disable_all_campaigns":false,"_uf_show_specific_survey":0,"_uf_disable_surveys":false},"categories":[1],"tags":[],"aioseo_notices":[],"_links":{"self":[{"href":"https:\/\/elconspirador.com.mx\/index.php?rest_route=\/wp\/v2\/posts\/36507"}],"collection":[{"href":"https:\/\/elconspirador.com.mx\/index.php?rest_route=\/wp\/v2\/posts"}],"about":[{"href":"https:\/\/elconspirador.com.mx\/index.php?rest_route=\/wp\/v2\/types\/post"}],"author":[{"embeddable":true,"href":"https:\/\/elconspirador.com.mx\/index.php?rest_route=\/wp\/v2\/users\/1"}],"replies":[{"embeddable":true,"href":"https:\/\/elconspirador.com.mx\/index.php?rest_route=%2Fwp%2Fv2%2Fcomments&post=36507"}],"version-history":[{"count":1,"href":"https:\/\/elconspirador.com.mx\/index.php?rest_route=\/wp\/v2\/posts\/36507\/revisions"}],"predecessor-version":[{"id":36509,"href":"https:\/\/elconspirador.com.mx\/index.php?rest_route=\/wp\/v2\/posts\/36507\/revisions\/36509"}],"wp:featuredmedia":[{"embeddable":true,"href":"https:\/\/elconspirador.com.mx\/index.php?rest_route=\/wp\/v2\/media\/36508"}],"wp:attachment":[{"href":"https:\/\/elconspirador.com.mx\/index.php?rest_route=%2Fwp%2Fv2%2Fmedia&parent=36507"}],"wp:term":[{"taxonomy":"category","embeddable":true,"href":"https:\/\/elconspirador.com.mx\/index.php?rest_route=%2Fwp%2Fv2%2Fcategories&post=36507"},{"taxonomy":"post_tag","embeddable":true,"href":"https:\/\/elconspirador.com.mx\/index.php?rest_route=%2Fwp%2Fv2%2Ftags&post=36507"}],"curies":[{"name":"wp","href":"https:\/\/api.w.org\/{rel}","templated":true}]}}