{"id":36514,"date":"2023-11-04T18:39:36","date_gmt":"2023-11-05T00:39:36","guid":{"rendered":"https:\/\/elconspirador.com.mx\/?p=36514"},"modified":"2023-11-04T18:39:36","modified_gmt":"2023-11-05T00:39:36","slug":"se-reune-sheinbaum-con-militantes-queretanos","status":"publish","type":"post","link":"https:\/\/elconspirador.com.mx\/?p=36514","title":{"rendered":"SE REUNE SHEINBAUM CON MILITANTES QUERETANOS"},"content":{"rendered":"<p>Ante militantes de Morena en Quer\u00e9taro, Claudia Sheinbaum, Coordinadora Nacional de Defensa de la Cuarta Transformaci\u00f3n subray\u00f3 la importancia de \u201cno permitir que M\u00e9xico regrese a ser liderado por quienes s\u00f3lo defienden los intereses de unos cuantos\u201d, pues destac\u00f3 que esto trajo grandes consecuencias para las mexicanas y mexicanos.<\/p>\n<p>\u201c\u00bfQu\u00e9 le dejaron al pa\u00eds? Pobreza, desigualdad, deuda, y ahora Calder\u00f3n en el extranjero hablando de democracia, pero \u00bfcon qu\u00e9 autoridad moral?. Y ahora Zedillo nos viene hablar de que est\u00e1 en riesgo la democracia del pa\u00eds, y le contestamos, la democracia es el poder del pueblo\u2019\u2019, \u00a0asegur\u00f3.<\/p>\n<p>Por lo anterior asever\u00f3 que es necesario recordar a los j\u00f3venes el pasado de corrupci\u00f3n y enga\u00f1o que vivi\u00f3 M\u00e9xico a mano de actores y ex presidentes que hoy se esconden en la oposici\u00f3n y que solo buscan recuperar sus privilegios, por lo que hizo hincapi\u00e9 en que es vital trabajar en unidad para evitar que regresen aquellas pr\u00e1cticas del pasado que tanto da\u00f1o le hicieron al pueblo.<\/p>\n<p>\u201cNo vamos a permitir que regrese la corrupci\u00f3n, la antidemocracia, que regresen los fraudes electorales, por eso aqu\u00ed est\u00e1 la democracia, aqu\u00ed est\u00e1n las libertades, aqu\u00ed est\u00e1 la defensa del pueblo de M\u00e9xico y su bienestar\u201d, a\u00f1adi\u00f3.<\/p>\n<p>Durante su visita a Quer\u00e9taro, la Coordinadora Nacional de la Defensa de la Transformaci\u00f3n destac\u00f3 que el movimiento de la 4T lucha por las libertades, por la democracia, pero tambi\u00e9n para que todos y todas puedan tener acceso a los derechos m\u00e1s fundamentales.<\/p>\n<p>\u201cNosotros luchamos por la democracia y nosotros tambi\u00e9n luchamos por las libertades, porque la derecha se quiere apropiar de esa palabra, la palabra libertad, pero no, nosotros luchamos por las libertades (\u2026) La libertad tambi\u00e9n significa poder cumplir con nuestras necesidades, porque es falso que tenga la misma libertad quien no tiene acceso a la educaci\u00f3n, a la salud y a un buen empleo, que el que tenga derecho a la salud, un buen empleo a un salario digno\u201d, coment\u00f3.<\/p>\n<p>En el encuentro, los militantes se sumaron al grito de \u201cTransformaci\u00f3n\u201d, mientras la Coordinadora Nacional de la Defensa de la Transformaci\u00f3n resalt\u00f3 el cambio de modelo que hubo a partir de 2018, con la llegada del Presidente Andr\u00e9s Manuel L\u00f3pez Obrador.<\/p>\n<p>\u201cVamos no solo a consolidar la transformaci\u00f3n, no solo a defender lo que hemos ganado, vamos a seguir adelante, porque nosotros luchamos por una causa, o muchas causas, nosotros queremos que todas las mexicanas y mexicanos tengan sus derechos, no los privilegios de los que nos hablaban antes\u201d, reiter\u00f3.<\/p>\n<p>Por su parte, el dirigente nacional de Morena, Mario Delgado, afirm\u00f3 que todas y todos son bienvenidos al movimiento, pues hay muchos mexicanos y mexicanas que est\u00e1n de acuerdo con lo que est\u00e1 pasando en el pa\u00eds.<\/p>\n<p>\u201cLa doctora Sheinbaum nos ha convocado a todas y todas, pero tambi\u00e9n a toda la ciudadan\u00eda para sumar a la Cuarta Transformaci\u00f3n, mujeres y hombres libres que est\u00e1n de acuerdo con lo que est\u00e1 pasando en M\u00e9xico (\u2026) Todas y todos son bienvenidos a este movimiento\u201d, destac\u00f3.<\/p>\n<p>Finalmente, el coordinador de vocer\u00edas y v\u00ednculo con organizaciones sociales, Gerardo Fern\u00e1ndez Noro\u00f1a, llam\u00f3 a la unidad entre la militancia y el pueblo de M\u00e9xico y critic\u00f3 la postura de la oposici\u00f3n por lucrar pol\u00edticamente con tragedias como la del estado de Guerrero, tras el paso del hurac\u00e1n Otis.<\/p>\n<p>\u201cNosotros somos no violentos, llamamos a la unidad, no solo del movimiento, de todo el pueblo, de los partidos del movimiento. Desde aqu\u00ed repudiamos la conducta carro\u00f1era de la derecha que quiere lucrar con la tragedia en Guerrero\u201d, puntualiz\u00f3.<\/p>\n","protected":false},"excerpt":{"rendered":"<p>Ante militantes de Morena en Quer\u00e9taro, Claudia Sheinbaum, Coordinadora Nacional de Defensa de la Cuarta Transformaci\u00f3n subray\u00f3 la importancia de \u201cno permitir que M\u00e9xico regrese a ser liderado por quienes s\u00f3lo defienden los intereses de unos cuantos\u201d, pues destac\u00f3 que esto trajo grandes consecuencias para las mexicanas y mexicanos. \u201c\u00bfQu\u00e9 le dejaron al pa\u00eds? Pobreza, desigualdad, deuda, y ahora Calder\u00f3n<\/p>\n<div class=\"h10\"><\/div>\n<p><a class=\"more-link2 flat\" href=\"https:\/\/elconspirador.com.mx\/?p=36514\">Leer m\u00e1s<\/a><\/p>\n","protected":false},"author":1,"featured_media":36515,"comment_status":"open","ping_status":"open","sticky":false,"template":"","format":"standard","meta":{"om_disable_all_campaigns":false,"_uf_show_specific_survey":0,"_uf_disable_surveys":false},"categories":[1],"tags":[],"aioseo_notices":[],"_links":{"self":[{"href":"https:\/\/elconspirador.com.mx\/index.php?rest_route=\/wp\/v2\/posts\/36514"}],"collection":[{"href":"https:\/\/elconspirador.com.mx\/index.php?rest_route=\/wp\/v2\/posts"}],"about":[{"href":"https:\/\/elconspirador.com.mx\/index.php?rest_route=\/wp\/v2\/types\/post"}],"author":[{"embeddable":true,"href":"https:\/\/elconspirador.com.mx\/index.php?rest_route=\/wp\/v2\/users\/1"}],"replies":[{"embeddable":true,"href":"https:\/\/elconspirador.com.mx\/index.php?rest_route=%2Fwp%2Fv2%2Fcomments&post=36514"}],"version-history":[{"count":1,"href":"https:\/\/elconspirador.com.mx\/index.php?rest_route=\/wp\/v2\/posts\/36514\/revisions"}],"predecessor-version":[{"id":36516,"href":"https:\/\/elconspirador.com.mx\/index.php?rest_route=\/wp\/v2\/posts\/36514\/revisions\/36516"}],"wp:featuredmedia":[{"embeddable":true,"href":"https:\/\/elconspirador.com.mx\/index.php?rest_route=\/wp\/v2\/media\/36515"}],"wp:attachment":[{"href":"https:\/\/elconspirador.com.mx\/index.php?rest_route=%2Fwp%2Fv2%2Fmedia&parent=36514"}],"wp:term":[{"taxonomy":"category","embeddable":true,"href":"https:\/\/elconspirador.com.mx\/index.php?rest_route=%2Fwp%2Fv2%2Fcategories&post=36514"},{"taxonomy":"post_tag","embeddable":true,"href":"https:\/\/elconspirador.com.mx\/index.php?rest_route=%2Fwp%2Fv2%2Ftags&post=36514"}],"curies":[{"name":"wp","href":"https:\/\/api.w.org\/{rel}","templated":true}]}}