{"id":36518,"date":"2023-11-05T12:37:25","date_gmt":"2023-11-05T18:37:25","guid":{"rendered":"https:\/\/elconspirador.com.mx\/?p=36518"},"modified":"2023-11-05T12:37:25","modified_gmt":"2023-11-05T18:37:25","slug":"visita-luis-nava-parque-intraurbano-en-jurica","status":"publish","type":"post","link":"https:\/\/elconspirador.com.mx\/?p=36518","title":{"rendered":"VISITA LUIS NAVA PARQUE INTRAURBANO EN JURICA"},"content":{"rendered":"<p>&nbsp;<\/p>\n<p>El Presidente Municipal de Quer\u00e9taro, Luis Nava, acudi\u00f3 a los terrenos que contempla el Parque Intraurbano en Jurica en la Delegaci\u00f3n F\u00e9lix Osores Sotomayor, que brindar\u00e1 un entorno natural que equilibrar\u00e1 el crecimiento de la ciudad y la conservaci\u00f3n del medio ambiente en beneficio de la calidad de vida de toda la poblaci\u00f3n.<\/p>\n<p>Luis Nava destac\u00f3 la importancia que tendr\u00e1 este parque como un espacio dedicado al disfrute de la naturaleza y al fortalecimiento del tejido social; adem\u00e1s de cumplir con su compromiso de preservar este espacio como un legado para las futuras generaciones, en el que se promover\u00e1 la conciencia ambiental y el fomento de la participaci\u00f3n ciudadana en su conservaci\u00f3n y mantenimiento.<\/p>\n<p>La Secretaria de Obras P\u00fablicas Municipales, Oriana L\u00f3pez Castillo explic\u00f3 que toda la obra que se realizar\u00e1 con dise\u00f1os amigables con el entorno natural, garantizando que las estructuras y las instalaciones del parque se armonicen con el ecosistema circundante.<\/p>\n<p>Y con la intenci\u00f3n de crear un entorno propicio para promover un estilo de vida saludable y sostenible entre las y los queretanos, destac\u00f3 que en el Parque Interurbano se contemplan zonas de reforestaci\u00f3n nativa, estanques de aireaci\u00f3n y riego, \u00e1reas deportivas, caminos y senderos, as\u00ed como espacios dedicados a actividades recreativas como prados multifuncionales, \u00e1reas de juegos infantiles, zonas de picnic y \u00e1reas destinadas a actividades culturales y de convivencia.<\/p>\n<p>El Parque Intraurbano Jurica Poniente abarcar\u00e1 una extensi\u00f3n de m\u00e1s de 90 hect\u00e1reas y est\u00e1 situado en un \u00c1rea Natural Protegida catalogada como Zona de Protecci\u00f3n Ecol\u00f3gica Municipal, donde tambi\u00e9n se implementar\u00e1 un plan hidrol\u00f3gico para regular el flujo pluvial a trav\u00e9s de bordos contenedores que mitigar\u00e1n el desbordamiento pluvial y la utilizaci\u00f3n sostenible del recurso h\u00eddrico para el mantenimiento de la vegetaci\u00f3n del parque.<\/p>\n<p>En este recorrido tambi\u00e9n participaron: el Secretario de Finanzas, Francisco Mart\u00ednez Dom\u00ednguez; la Secretaria de Administraci\u00f3n, Ana Mar\u00eda Osornio Arellano; el Secretario de Desarrollo Humano y Social, Arturo Torres Guti\u00e9rrez; la Secretaria de Servicios P\u00fablicos, Alejandra Haro de la Torre; el Subsecretario de Gobernaci\u00f3n, Juan Carlos Arregu\u00edn Baltazar; y el Consejero Jur\u00eddico del Municipio, Jos\u00e9 Alberto Bravo Morales.<\/p>\n","protected":false},"excerpt":{"rendered":"<p>&nbsp; El Presidente Municipal de Quer\u00e9taro, Luis Nava, acudi\u00f3 a los terrenos que contempla el Parque Intraurbano en Jurica en la Delegaci\u00f3n F\u00e9lix Osores Sotomayor, que brindar\u00e1 un entorno natural que equilibrar\u00e1 el crecimiento de la ciudad y la conservaci\u00f3n del medio ambiente en beneficio de la calidad de vida de toda la poblaci\u00f3n. Luis Nava destac\u00f3 la importancia que<\/p>\n<div class=\"h10\"><\/div>\n<p><a class=\"more-link2 flat\" href=\"https:\/\/elconspirador.com.mx\/?p=36518\">Leer m\u00e1s<\/a><\/p>\n","protected":false},"author":1,"featured_media":36519,"comment_status":"open","ping_status":"open","sticky":false,"template":"","format":"standard","meta":{"om_disable_all_campaigns":false,"_uf_show_specific_survey":0,"_uf_disable_surveys":false},"categories":[1],"tags":[],"aioseo_notices":[],"_links":{"self":[{"href":"https:\/\/elconspirador.com.mx\/index.php?rest_route=\/wp\/v2\/posts\/36518"}],"collection":[{"href":"https:\/\/elconspirador.com.mx\/index.php?rest_route=\/wp\/v2\/posts"}],"about":[{"href":"https:\/\/elconspirador.com.mx\/index.php?rest_route=\/wp\/v2\/types\/post"}],"author":[{"embeddable":true,"href":"https:\/\/elconspirador.com.mx\/index.php?rest_route=\/wp\/v2\/users\/1"}],"replies":[{"embeddable":true,"href":"https:\/\/elconspirador.com.mx\/index.php?rest_route=%2Fwp%2Fv2%2Fcomments&post=36518"}],"version-history":[{"count":1,"href":"https:\/\/elconspirador.com.mx\/index.php?rest_route=\/wp\/v2\/posts\/36518\/revisions"}],"predecessor-version":[{"id":36520,"href":"https:\/\/elconspirador.com.mx\/index.php?rest_route=\/wp\/v2\/posts\/36518\/revisions\/36520"}],"wp:featuredmedia":[{"embeddable":true,"href":"https:\/\/elconspirador.com.mx\/index.php?rest_route=\/wp\/v2\/media\/36519"}],"wp:attachment":[{"href":"https:\/\/elconspirador.com.mx\/index.php?rest_route=%2Fwp%2Fv2%2Fmedia&parent=36518"}],"wp:term":[{"taxonomy":"category","embeddable":true,"href":"https:\/\/elconspirador.com.mx\/index.php?rest_route=%2Fwp%2Fv2%2Fcategories&post=36518"},{"taxonomy":"post_tag","embeddable":true,"href":"https:\/\/elconspirador.com.mx\/index.php?rest_route=%2Fwp%2Fv2%2Ftags&post=36518"}],"curies":[{"name":"wp","href":"https:\/\/api.w.org\/{rel}","templated":true}]}}