{"id":36557,"date":"2023-11-07T10:02:55","date_gmt":"2023-11-07T16:02:55","guid":{"rendered":"https:\/\/elconspirador.com.mx\/?p=36557"},"modified":"2023-11-07T10:02:55","modified_gmt":"2023-11-07T16:02:55","slug":"construccion-de-nuevo-panteon-detenido-por-legislacion-agraria","status":"publish","type":"post","link":"https:\/\/elconspirador.com.mx\/?p=36557","title":{"rendered":"CONSTRUCCI\u00d3N DE NUEVO PANTE\u00d3N DETENIDO POR \u201cLEGISLACI\u00d3N AGRARIA\u201d"},"content":{"rendered":"<p>Luis Nava alcalde de Quer\u00e9taro inform\u00f3 que por cuestiones de legislaci\u00f3n agraria, el pante\u00f3n que se planteaba construir en la capital, en la zona de Santa Rosa J\u00e1uregui o en \u00a0Carrillo Puerto, no se ha concretado, ya que iban a ser ejidatarios de estas delegaciones, las que iban a donar el predio.<\/p>\n<p>\u201cNosotros nos comprometimos en hacer el pante\u00f3n en la Medida en que pudi\u00e9ramos recibir el terreno y los interesados pudieran realizar la donaci\u00f3n, pero no han avanzado en el tema de la entrega del predio, por lo que no tenemos la certeza de cu\u00e1ndo podr\u00edamos hacer la inversi\u00f3n\u201d.<\/p>\n<p>De acuerdo con el alcalde, la administraci\u00f3n verific\u00f3 si hab\u00eda predios en estas zonas, pero no se ten\u00eda el predio para poderlo disponer como pante\u00f3n, por lo que se requer\u00eda el predio para poder hacer el pante\u00f3n.<\/p>\n<p>\u201cTen\u00edamos pl\u00e1ticas en dos delegaciones, sin embargo en la legislaci\u00f3n ejidal y agraria se deben involucrar asambleas para el tr\u00e1mite, pero al no llevarse a cabo nosotros no podemos pensar en un proyecto, sino tenemos un terreno\u201d.<\/p>\n<p>&nbsp;<\/p>\n<p>&nbsp;<\/p>\n","protected":false},"excerpt":{"rendered":"<p>Luis Nava alcalde de Quer\u00e9taro inform\u00f3 que por cuestiones de legislaci\u00f3n agraria, el pante\u00f3n que se planteaba construir en la capital, en la zona de Santa Rosa J\u00e1uregui o en \u00a0Carrillo Puerto, no se ha concretado, ya que iban a ser ejidatarios de estas delegaciones, las que iban a donar el predio. \u201cNosotros nos comprometimos en hacer el pante\u00f3n en<\/p>\n<div class=\"h10\"><\/div>\n<p><a class=\"more-link2 flat\" href=\"https:\/\/elconspirador.com.mx\/?p=36557\">Leer m\u00e1s<\/a><\/p>\n","protected":false},"author":1,"featured_media":36481,"comment_status":"open","ping_status":"open","sticky":false,"template":"","format":"standard","meta":{"om_disable_all_campaigns":false,"_uf_show_specific_survey":0,"_uf_disable_surveys":false},"categories":[1],"tags":[],"aioseo_notices":[],"_links":{"self":[{"href":"https:\/\/elconspirador.com.mx\/index.php?rest_route=\/wp\/v2\/posts\/36557"}],"collection":[{"href":"https:\/\/elconspirador.com.mx\/index.php?rest_route=\/wp\/v2\/posts"}],"about":[{"href":"https:\/\/elconspirador.com.mx\/index.php?rest_route=\/wp\/v2\/types\/post"}],"author":[{"embeddable":true,"href":"https:\/\/elconspirador.com.mx\/index.php?rest_route=\/wp\/v2\/users\/1"}],"replies":[{"embeddable":true,"href":"https:\/\/elconspirador.com.mx\/index.php?rest_route=%2Fwp%2Fv2%2Fcomments&post=36557"}],"version-history":[{"count":1,"href":"https:\/\/elconspirador.com.mx\/index.php?rest_route=\/wp\/v2\/posts\/36557\/revisions"}],"predecessor-version":[{"id":36558,"href":"https:\/\/elconspirador.com.mx\/index.php?rest_route=\/wp\/v2\/posts\/36557\/revisions\/36558"}],"wp:featuredmedia":[{"embeddable":true,"href":"https:\/\/elconspirador.com.mx\/index.php?rest_route=\/wp\/v2\/media\/36481"}],"wp:attachment":[{"href":"https:\/\/elconspirador.com.mx\/index.php?rest_route=%2Fwp%2Fv2%2Fmedia&parent=36557"}],"wp:term":[{"taxonomy":"category","embeddable":true,"href":"https:\/\/elconspirador.com.mx\/index.php?rest_route=%2Fwp%2Fv2%2Fcategories&post=36557"},{"taxonomy":"post_tag","embeddable":true,"href":"https:\/\/elconspirador.com.mx\/index.php?rest_route=%2Fwp%2Fv2%2Ftags&post=36557"}],"curies":[{"name":"wp","href":"https:\/\/api.w.org\/{rel}","templated":true}]}}