{"id":36575,"date":"2023-11-06T13:58:33","date_gmt":"2023-11-06T19:58:33","guid":{"rendered":"https:\/\/elconspirador.com.mx\/?p=36575"},"modified":"2023-11-06T13:58:33","modified_gmt":"2023-11-06T19:58:33","slug":"lanzan-convocatoria-pro-mascotas","status":"publish","type":"post","link":"https:\/\/elconspirador.com.mx\/?p=36575","title":{"rendered":"LANZAN CONVOCATORIA PRO MASCOTAS"},"content":{"rendered":"<p>Enrique Guerrero, director de protecci\u00f3n, cuidado y control animal del municipio de Quer\u00e9taro, inform\u00f3 que del 6 de noviembre al 1 de diciembre estar\u00e1 abierta la convocatoria de la 5\u00aa edici\u00f3n del concurso de fotograf\u00eda en pro del bienestar animal, a trav\u00e9s de la cual se busca sensibilizar y concientizar respecto al trato a mascotas.<\/p>\n<p>Indic\u00f3 que habr\u00e1 40 fotos finalistas para exposici\u00f3n y solo se premiar\u00e1 a los tres primeros lugares por categor\u00eda, adem\u00e1s de que habr\u00e1 una foto ganadora por m\u00e1s votos en la red social Facebook y menci\u00f3n honor\u00edfica a cinco fotograf\u00edas.<\/p>\n<p>Entre los requisitos est\u00e1 que las fotos sean de autor\u00eda propia de tem\u00e1ticas como tenencia responsable de mascotas, adopci\u00f3n responsable, animales en situaci\u00f3n de calle y libre, y deben ser en formato JPG, no mayor a dos mil pixeles, a color o blanco y negro. Las categor\u00edas ser\u00e1n: tel\u00e9fono m\u00f3vil, c\u00e1mara digital e infantil y aclar\u00f3 que no se tomar\u00e1n en cuenta fotograf\u00edas con contenido denigrante, ofensivo, agresivo, discriminatorio ni de maltrato.<\/p>\n<p>Las 40 fotos ganadoras ser\u00e1n publicadas el 7 de diciembre y la premiaci\u00f3n ser\u00e1 el mi\u00e9rcoles 13 de diciembre en el patio central de la delegaci\u00f3n Centro Hist\u00f3rico; los ganadores recibir\u00e1n productos y alimento para mascotas, as\u00ed como pantallas de alta definici\u00f3n de 40 pulgadas.<\/p>\n<p>El registro al concurso puede realizarse en la p\u00e1gina del municipio de Quer\u00e9taro o en la p\u00e1gina de Facebook de la Secretar\u00eda de servicios p\u00fablicos municipales.<\/p>\n","protected":false},"excerpt":{"rendered":"<p>Enrique Guerrero, director de protecci\u00f3n, cuidado y control animal del municipio de Quer\u00e9taro, inform\u00f3 que del 6 de noviembre al 1 de diciembre estar\u00e1 abierta la convocatoria de la 5\u00aa edici\u00f3n del concurso de fotograf\u00eda en pro del bienestar animal, a trav\u00e9s de la cual se busca sensibilizar y concientizar respecto al trato a mascotas. Indic\u00f3 que habr\u00e1 40 fotos<\/p>\n<div class=\"h10\"><\/div>\n<p><a class=\"more-link2 flat\" href=\"https:\/\/elconspirador.com.mx\/?p=36575\">Leer m\u00e1s<\/a><\/p>\n","protected":false},"author":1,"featured_media":36576,"comment_status":"open","ping_status":"open","sticky":false,"template":"","format":"standard","meta":{"om_disable_all_campaigns":false,"_uf_show_specific_survey":0,"_uf_disable_surveys":false},"categories":[1],"tags":[],"aioseo_notices":[],"_links":{"self":[{"href":"https:\/\/elconspirador.com.mx\/index.php?rest_route=\/wp\/v2\/posts\/36575"}],"collection":[{"href":"https:\/\/elconspirador.com.mx\/index.php?rest_route=\/wp\/v2\/posts"}],"about":[{"href":"https:\/\/elconspirador.com.mx\/index.php?rest_route=\/wp\/v2\/types\/post"}],"author":[{"embeddable":true,"href":"https:\/\/elconspirador.com.mx\/index.php?rest_route=\/wp\/v2\/users\/1"}],"replies":[{"embeddable":true,"href":"https:\/\/elconspirador.com.mx\/index.php?rest_route=%2Fwp%2Fv2%2Fcomments&post=36575"}],"version-history":[{"count":1,"href":"https:\/\/elconspirador.com.mx\/index.php?rest_route=\/wp\/v2\/posts\/36575\/revisions"}],"predecessor-version":[{"id":36577,"href":"https:\/\/elconspirador.com.mx\/index.php?rest_route=\/wp\/v2\/posts\/36575\/revisions\/36577"}],"wp:featuredmedia":[{"embeddable":true,"href":"https:\/\/elconspirador.com.mx\/index.php?rest_route=\/wp\/v2\/media\/36576"}],"wp:attachment":[{"href":"https:\/\/elconspirador.com.mx\/index.php?rest_route=%2Fwp%2Fv2%2Fmedia&parent=36575"}],"wp:term":[{"taxonomy":"category","embeddable":true,"href":"https:\/\/elconspirador.com.mx\/index.php?rest_route=%2Fwp%2Fv2%2Fcategories&post=36575"},{"taxonomy":"post_tag","embeddable":true,"href":"https:\/\/elconspirador.com.mx\/index.php?rest_route=%2Fwp%2Fv2%2Ftags&post=36575"}],"curies":[{"name":"wp","href":"https:\/\/api.w.org\/{rel}","templated":true}]}}