{"id":36584,"date":"2023-11-07T07:12:36","date_gmt":"2023-11-07T13:12:36","guid":{"rendered":"https:\/\/elconspirador.com.mx\/?p=36584"},"modified":"2023-11-07T07:12:36","modified_gmt":"2023-11-07T13:12:36","slug":"capital-entrega-patrullas-y-equipo-a-policias","status":"publish","type":"post","link":"https:\/\/elconspirador.com.mx\/?p=36584","title":{"rendered":"CAPITAL ENTREGA PATRULLAS Y EQUIPO A POLIC\u00cdAS"},"content":{"rendered":"<p class=\"s6\"><span class=\"s7\"><span class=\"bumpedFont15\">El<\/span><\/span> <span class=\"s7\"><span class=\"bumpedFont15\">gobernador, <\/span><\/span><span class=\"s7\"><span class=\"bumpedFont15\">Mauricio Kuri Gonz\u00e1lez,<\/span><\/span> <span class=\"s7\"><span class=\"bumpedFont15\">atestigu\u00f3 la entrega de<\/span><\/span><span class=\"s7\"><span class=\"bumpedFont15\"> v<\/span><\/span><span class=\"s7\"><span class=\"bumpedFont15\">eh\u00edculos<\/span><\/span><span class=\"s7\"><span class=\"bumpedFont15\">,<\/span><\/span> <span class=\"s7\"><span class=\"bumpedFont15\">u<\/span><\/span><span class=\"s7\"><span class=\"bumpedFont15\">niformes<\/span><\/span><span class=\"s7\"><span class=\"bumpedFont15\"> y equipo<\/span><\/span> <span class=\"s7\"><span class=\"bumpedFont15\">a<\/span><\/span><span class=\"s7\"><span class=\"bumpedFont15\"> polic\u00edas<\/span><\/span><span class=\"s7\"><span class=\"bumpedFont15\"> de <\/span><\/span><span class=\"s7\"><span class=\"bumpedFont15\">la Secretar\u00eda de Seguridad P\u00fablica Municipal de Quer\u00e9taro (SSPMQ)<\/span><\/span> <span class=\"s7\"><span class=\"bumpedFont15\">por un monto<\/span><\/span><span class=\"s7\"><span class=\"bumpedFont15\"> de m\u00e1s de<\/span><\/span> <span class=\"s7\"><span class=\"bumpedFont15\">74<\/span><\/span><span class=\"s7\"><span class=\"bumpedFont15\"> millones de pesos<\/span><\/span><span class=\"s7\"><span class=\"bumpedFont15\">;<\/span><\/span><span class=\"s7\"><span class=\"bumpedFont15\"> acto <\/span><\/span><span class=\"s7\"><span class=\"bumpedFont15\">que tiene como prop\u00f3sito <\/span><\/span><span class=\"s7\"><span class=\"bumpedFont15\">fortalecer la actuaci\u00f3n e imagen del personal operativo<\/span><\/span><span class=\"s7\"><span class=\"bumpedFont15\">. <\/span><\/span><\/p>\n<p class=\"s6\"><span class=\"s7\"><span class=\"bumpedFont15\">\u201cUstedes que todos los d\u00edas salen y se rifan y buscan cuidar nuestras calles, lo \u00fanico que les podemos decir es gracias. Porque gracias a ustedes llega m\u00e1s inversi\u00f3n a Quer\u00e9taro, porque gracias a ustedes nuestros hijos est\u00e1n protegidos, porque gracias a ustedes sabemos que nuestras calles est\u00e1n cuidadas por lo mejor de las corporaciones del pa\u00eds, que es la polic\u00eda queretana\u201d<\/span><\/span><span class=\"s7\"><span class=\"bumpedFont15\">, apunt\u00f3. <\/span><\/span><\/p>\n<p class=\"s6\"><span class=\"s7\"><span class=\"bumpedFont15\">El mandatario estatal <\/span><\/span><span class=\"s7\"><span class=\"bumpedFont15\">record\u00f3 que una <\/span><\/span><span class=\"s7\"><span class=\"bumpedFont15\">de las principales prioridades de <\/span><\/span><span class=\"s7\"><span class=\"bumpedFont15\">su<\/span><\/span><span class=\"s7\"><span class=\"bumpedFont15\"> administraci\u00f3n es la de mantener la paz y la seguridad en las calles y los hogares de Quer\u00e9taro, por lo que <\/span><\/span><span class=\"s7\"><span class=\"bumpedFont15\">ha<\/span><\/span><span class=\"s7\"><span class=\"bumpedFont15\"> establecido una estrecha coordinaci\u00f3n con el <\/span><\/span><span class=\"s7\"><span class=\"bumpedFont15\">p<\/span><\/span><span class=\"s7\"><span class=\"bumpedFont15\">residente <\/span><\/span><span class=\"s7\"><span class=\"bumpedFont15\">m<\/span><\/span><span class=\"s7\"><span class=\"bumpedFont15\">unicipal de Quer\u00e9taro,<\/span><\/span><span class=\"s7\"><span class=\"bumpedFont15\"> Luis Nava,<\/span><\/span> <span class=\"s7\"><span class=\"bumpedFont15\">a fin de<\/span><\/span><span class=\"s7\"><span class=\"bumpedFont15\">cumplir con ese objetivo.<\/span><\/span><\/p>\n<p class=\"s6\"><span class=\"s7\"><span class=\"bumpedFont15\">\u201cAgentes de la autoridad si\u00e9ntanse con todo el respaldo; por supuesto de su Presidente Municipal, pero tambi\u00e9n del Gobernador, para que hagan su trabajo, y lo hagan bien (\u2026) para decirle a los polic\u00edas que no est\u00e1n solos, que atr\u00e1s de ellos estamos dos millones y medio de queretanas y queretanos que les estamos agradecidos\u201d<\/span><\/span><span class=\"s7\"><span class=\"bumpedFont15\">, concluy\u00f3.<\/span><\/span><\/p>\n<p class=\"s6\"><span class=\"s7\"><span class=\"bumpedFont15\">Durante su mensaje, el presidente municipal de Quer\u00e9taro, Luis Nava <\/span><\/span><span class=\"s7\"><span class=\"bumpedFont15\">Guerrero, <\/span><\/span><span class=\"s7\"><span class=\"bumpedFont15\">detall\u00f3 que <\/span><\/span><span class=\"s7\"><span class=\"bumpedFont15\">la pol\u00edtica <\/span><\/span><span class=\"s7\"><span class=\"bumpedFont15\">de prevenci\u00f3n <\/span><\/span><span class=\"s7\"><span class=\"bumpedFont15\">social de la delincuencia<\/span><\/span><span class=\"s7\"><span class=\"bumpedFont15\">, <\/span><\/span><span class=\"s7\"><span class=\"bumpedFont15\">la inversi\u00f3n en tecnolog\u00eda de vigilancia y atenci\u00f3n de emergencia,<\/span><\/span><span class=\"s7\"><span class=\"bumpedFont15\"> as\u00ed como<\/span><\/span><span class=\"s7\"><span class=\"bumpedFont15\"> la<\/span><\/span><span class=\"s7\"><span class=\"bumpedFont15\">capacitaci\u00f3n y <\/span><\/span><span class=\"s7\"><span class=\"bumpedFont15\">equipamiento<\/span><\/span><span class=\"s7\"><span class=\"bumpedFont15\"> de las corporaciones <\/span><\/span><span class=\"s7\"><span class=\"bumpedFont15\">constituyen los pilares de la estrategia de <\/span><\/span><span class=\"s7\"><span class=\"bumpedFont15\">seguridad<\/span><\/span><span class=\"s7\"><span class=\"bumpedFont15\"> de la demarcaci\u00f3n. <\/span><\/span><\/p>\n<p class=\"s6\"><span class=\"s7\"><span class=\"bumpedFont15\">\u201c<\/span><\/span><span class=\"s7\"><span class=\"bumpedFont15\">Esta entrega es juez en favor de la seguridad y de la tranquilidad de cada queretana y cada queretano, de todas las familias que aspiran a vivir en un Quer\u00e9taro siempre m\u00e1s seguro, siempre con mayor armon\u00eda y paz social. Ese es el Quer\u00e9taro que estamos construyendo y que juntos podemos lograr, y que juntos llevaremos al siguiente nivel en seguridad y en calidad de vida. Porque ese es el Quer\u00e9taro que todas y todos queremos\u201d<\/span><\/span><span class=\"s7\"><span class=\"bumpedFont15\">, <\/span><\/span><span class=\"s7\"><span class=\"bumpedFont15\">se\u00f1al\u00f3. <\/span><\/span><\/p>\n<p class=\"s6\"><span class=\"s7\"><span class=\"bumpedFont15\">Luis Nava agreg\u00f3 <\/span><\/span><span class=\"s7\"><span class=\"bumpedFont15\">que <\/span><\/span><span class=\"s7\"><span class=\"bumpedFont15\">gracias a la coordinaci\u00f3n que se tiene con instancias federales y estatales,<\/span><\/span><span class=\"s7\"><span class=\"bumpedFont15\"> la<\/span><\/span> <span class=\"s7\"><span class=\"bumpedFont15\">polic\u00eda municipal se <\/span><\/span><span class=\"s7\"><span class=\"bumpedFont15\">renueva<\/span><\/span><span class=\"s7\"><span class=\"bumpedFont15\">, fortalece capacidades<\/span><\/span> <span class=\"s7\"><span class=\"bumpedFont15\">y logra mejores resultados<\/span><\/span><span class=\"s7\"><span class=\"bumpedFont15\">para la poblaci\u00f3n.<\/span><\/span><\/p>\n<p class=\"s6\"><span class=\"s7\"><span class=\"bumpedFont15\">En su intervenci\u00f3n, <\/span><\/span><span class=\"s7\"><span class=\"bumpedFont15\">el <\/span><\/span><span class=\"s7\"><span class=\"bumpedFont15\">titular de la SSPMQ, Juan Luis Ferrusca <\/span><\/span><span class=\"s7\"><span class=\"bumpedFont15\">Ortiz, <\/span><\/span><span class=\"s7\"><span class=\"bumpedFont15\">comparti\u00f3 que la entrega <\/span><\/span><span class=\"s7\"><span class=\"bumpedFont15\">considera<\/span><\/span> <span class=\"s7\"><span class=\"bumpedFont15\">13 <\/span><\/span><span class=\"s7\"><span class=\"bumpedFont15\">u<\/span><\/span><span class=\"s7\"><span class=\"bumpedFont15\">nidades Pick Up <\/span><\/span><span class=\"s7\"><span class=\"bumpedFont15\">y <\/span><\/span><span class=\"s7\"><span class=\"bumpedFont15\">13 <\/span><\/span><span class=\"s7\"><span class=\"bumpedFont15\">u<\/span><\/span><span class=\"s7\"><span class=\"bumpedFont15\">nidades SUV <\/span><\/span><span class=\"s7\"><span class=\"bumpedFont15\">e<\/span><\/span><span class=\"s7\"><span class=\"bumpedFont15\">quipadas como patrullas; 2<\/span><\/span><span class=\"s7\"><span class=\"bumpedFont15\">3<\/span><\/span> <span class=\"s7\"><span class=\"bumpedFont15\">m<\/span><\/span><span class=\"s7\"><span class=\"bumpedFont15\">otocicletas; <\/span><\/span><span class=\"s7\"><span class=\"bumpedFont15\">mil <\/span><\/span><span class=\"s7\"><span class=\"bumpedFont15\">350 juegos de uniformes para el total del personal operativo; 45 juegos de uniformes para el grupo ciclo tur\u00edstica; 150 piezas de chalecos bal\u00edsticos; <\/span><\/span><span class=\"s15\"><span class=\"bumpedFont15\">k<\/span><\/span><span class=\"s15\"><span class=\"bumpedFont15\">it<\/span><\/span><span class=\"s7\"><span class=\"bumpedFont15\">de insignias; 151 piezas Kep\u00ed; 70 piezas de impermeable y 25 equipos de <\/span><\/span><span class=\"s7\"><span class=\"bumpedFont15\">r<\/span><\/span><span class=\"s7\"><span class=\"bumpedFont15\">adio <\/span><\/span><span class=\"s7\"><span class=\"bumpedFont15\">p<\/span><\/span><span class=\"s7\"><span class=\"bumpedFont15\">ort\u00e1til.<\/span><\/span><\/p>\n<p class=\"s6\"><span class=\"s7\"><span class=\"bumpedFont15\">Resalt\u00f3 que <\/span><\/span><span class=\"s7\"><span class=\"bumpedFont15\">el equipamiento <\/span><\/span><span class=\"s7\"><span class=\"bumpedFont15\">contribuir\u00e1 <\/span><\/span><span class=\"s7\"><span class=\"bumpedFont15\">a las m\u00e1s de 70 acciones <\/span><\/span><span class=\"s7\"><span class=\"bumpedFont15\">operativas diarias que <\/span><\/span><span class=\"s7\"><span class=\"bumpedFont15\">llevan <\/span><\/span><span class=\"s7\"><span class=\"bumpedFont15\">a cabo las y los polic\u00edas<\/span><\/span><span class=\"s7\"><span class=\"bumpedFont15\"> en la capital<\/span><\/span><span class=\"s7\"><span class=\"bumpedFont15\">; <\/span><\/span><span class=\"s7\"><span class=\"bumpedFont15\">asimismo, <\/span><\/span><span class=\"s7\"><span class=\"bumpedFont15\">subray\u00f3 que no <\/span><\/span><span class=\"s7\"><span class=\"bumpedFont15\">solo representa una actualizaci\u00f3n de la capacidad operativa<\/span><\/span><span class=\"s7\"><span class=\"bumpedFont15\">, sino que simboliza un firme compromiso <\/span><\/span><span class=\"s7\"><span class=\"bumpedFont15\">con la seguridad y bienestar de las familias queretanas<\/span><\/span><span class=\"s7\"><span class=\"bumpedFont15\">. <\/span><\/span><\/p>\n<p class=\"s6\"><span class=\"s7\"><span class=\"bumpedFont15\">\u201cLa renovaci\u00f3n de nuestro equipo nos permite responder de manera eficiente a la emergencia, fortalecer nuestras capacidades para la inhibici\u00f3n del delito, y en esencia, crear entornos m\u00e1s seguros para todos. No se trata solo de la entrega de equipo nuevo, se trata de fortalecer los lazos que nos unen como una comunidad unida<\/span><\/span><span class=\"s7\"><span class=\"bumpedFont15\">\u201d, expres\u00f3. <\/span><\/span><\/p>\n<p class=\"s6\"><span class=\"s7\"><span class=\"bumpedFont15\">Finalmente, <\/span><\/span><span class=\"s7\"><span class=\"bumpedFont15\">la<\/span><\/span><span class=\"s7\"><span class=\"bumpedFont15\"> oficial<\/span><\/span><span class=\"s7\"><span class=\"bumpedFont15\">,<\/span><\/span> <span class=\"s7\"><span class=\"bumpedFont15\">Rosario Vargas Le\u00f3n<\/span><\/span><span class=\"s7\"><span class=\"bumpedFont15\">, agradeci\u00f3 <\/span><\/span><span class=\"s7\"><span class=\"bumpedFont15\">el fortalecimiento de la corporaci\u00f3n y <\/span><\/span><span class=\"s7\"><span class=\"bumpedFont15\">ratific\u00f3 el compromiso<\/span><\/span><span class=\"s7\"><span class=\"bumpedFont15\">con la ciudadan\u00eda <\/span><\/span><span class=\"s7\"><span class=\"bumpedFont15\">de continuar siendo <\/span><\/span><span class=\"s7\"><span class=\"bumpedFont15\">un cuerpo policial <\/span><\/span><span class=\"s7\"><span class=\"bumpedFont15\">ejemplar en M\u00e9xico<\/span><\/span><span class=\"s7\"><span class=\"bumpedFont15\">, y <\/span><\/span><span class=\"s7\"><span class=\"bumpedFont15\">de seguir trabajando<\/span><\/span> <span class=\"s7\"><span class=\"bumpedFont15\">en la prevenci\u00f3n del delito y el combate a la delincuencia.<\/span><\/span><\/p>\n","protected":false},"excerpt":{"rendered":"<p>El gobernador, Mauricio Kuri Gonz\u00e1lez, atestigu\u00f3 la entrega de veh\u00edculos, uniformes y equipo a polic\u00edas de la Secretar\u00eda de Seguridad P\u00fablica Municipal de Quer\u00e9taro (SSPMQ) por un monto de m\u00e1s de 74 millones de pesos; acto que tiene como prop\u00f3sito fortalecer la actuaci\u00f3n e imagen del personal operativo. \u201cUstedes que todos los d\u00edas salen y se rifan y buscan cuidar<\/p>\n<div class=\"h10\"><\/div>\n<p><a class=\"more-link2 flat\" href=\"https:\/\/elconspirador.com.mx\/?p=36584\">Leer m\u00e1s<\/a><\/p>\n","protected":false},"author":1,"featured_media":36585,"comment_status":"open","ping_status":"open","sticky":false,"template":"","format":"standard","meta":{"om_disable_all_campaigns":false,"_uf_show_specific_survey":0,"_uf_disable_surveys":false},"categories":[1],"tags":[],"aioseo_notices":[],"_links":{"self":[{"href":"https:\/\/elconspirador.com.mx\/index.php?rest_route=\/wp\/v2\/posts\/36584"}],"collection":[{"href":"https:\/\/elconspirador.com.mx\/index.php?rest_route=\/wp\/v2\/posts"}],"about":[{"href":"https:\/\/elconspirador.com.mx\/index.php?rest_route=\/wp\/v2\/types\/post"}],"author":[{"embeddable":true,"href":"https:\/\/elconspirador.com.mx\/index.php?rest_route=\/wp\/v2\/users\/1"}],"replies":[{"embeddable":true,"href":"https:\/\/elconspirador.com.mx\/index.php?rest_route=%2Fwp%2Fv2%2Fcomments&post=36584"}],"version-history":[{"count":2,"href":"https:\/\/elconspirador.com.mx\/index.php?rest_route=\/wp\/v2\/posts\/36584\/revisions"}],"predecessor-version":[{"id":36603,"href":"https:\/\/elconspirador.com.mx\/index.php?rest_route=\/wp\/v2\/posts\/36584\/revisions\/36603"}],"wp:featuredmedia":[{"embeddable":true,"href":"https:\/\/elconspirador.com.mx\/index.php?rest_route=\/wp\/v2\/media\/36585"}],"wp:attachment":[{"href":"https:\/\/elconspirador.com.mx\/index.php?rest_route=%2Fwp%2Fv2%2Fmedia&parent=36584"}],"wp:term":[{"taxonomy":"category","embeddable":true,"href":"https:\/\/elconspirador.com.mx\/index.php?rest_route=%2Fwp%2Fv2%2Fcategories&post=36584"},{"taxonomy":"post_tag","embeddable":true,"href":"https:\/\/elconspirador.com.mx\/index.php?rest_route=%2Fwp%2Fv2%2Ftags&post=36584"}],"curies":[{"name":"wp","href":"https:\/\/api.w.org\/{rel}","templated":true}]}}