{"id":36600,"date":"2023-11-06T22:12:18","date_gmt":"2023-11-07T04:12:18","guid":{"rendered":"https:\/\/elconspirador.com.mx\/?p=36600"},"modified":"2023-11-06T22:12:18","modified_gmt":"2023-11-07T04:12:18","slug":"choca-patrulla-de-corregidora","status":"publish","type":"post","link":"https:\/\/elconspirador.com.mx\/?p=36600","title":{"rendered":"CHOCA PATRULLA DE CORREGIDORA"},"content":{"rendered":"<p>La noche de este lunes, se registr\u00f3 un aparatoso percance, en el que se vi\u00f3 involucrada nuevamente una patrulla, ahora de la polic\u00eda municipal de Corregidora y un veh\u00edculo particular.<\/p>\n<p>El accidente se registr\u00f3 en el acceso de la carretera Libre a Celaya a la comunidad de Los Angeles, d\u00f3nde una de las unidades no cedi\u00f3 el paso, provocando la colisi\u00f3n que solo dejo da\u00f1os materiales.<\/p>\n<p>La aseguradora del municipio de Corregidora y el conductor del veh\u00edculo particular, llegaron a un arreglo para la reparaci\u00f3n de los da\u00f1os causados por el aparatoso choque.<\/p>\n","protected":false},"excerpt":{"rendered":"<p>La noche de este lunes, se registr\u00f3 un aparatoso percance, en el que se vi\u00f3 involucrada nuevamente una patrulla, ahora de la polic\u00eda municipal de Corregidora y un veh\u00edculo particular. El accidente se registr\u00f3 en el acceso de la carretera Libre a Celaya a la comunidad de Los Angeles, d\u00f3nde una de las unidades no cedi\u00f3 el paso, provocando la<\/p>\n<div class=\"h10\"><\/div>\n<p><a class=\"more-link2 flat\" href=\"https:\/\/elconspirador.com.mx\/?p=36600\">Leer m\u00e1s<\/a><\/p>\n","protected":false},"author":1,"featured_media":36601,"comment_status":"open","ping_status":"open","sticky":false,"template":"","format":"standard","meta":{"om_disable_all_campaigns":false,"_uf_show_specific_survey":0,"_uf_disable_surveys":false},"categories":[1],"tags":[],"aioseo_notices":[],"_links":{"self":[{"href":"https:\/\/elconspirador.com.mx\/index.php?rest_route=\/wp\/v2\/posts\/36600"}],"collection":[{"href":"https:\/\/elconspirador.com.mx\/index.php?rest_route=\/wp\/v2\/posts"}],"about":[{"href":"https:\/\/elconspirador.com.mx\/index.php?rest_route=\/wp\/v2\/types\/post"}],"author":[{"embeddable":true,"href":"https:\/\/elconspirador.com.mx\/index.php?rest_route=\/wp\/v2\/users\/1"}],"replies":[{"embeddable":true,"href":"https:\/\/elconspirador.com.mx\/index.php?rest_route=%2Fwp%2Fv2%2Fcomments&post=36600"}],"version-history":[{"count":1,"href":"https:\/\/elconspirador.com.mx\/index.php?rest_route=\/wp\/v2\/posts\/36600\/revisions"}],"predecessor-version":[{"id":36602,"href":"https:\/\/elconspirador.com.mx\/index.php?rest_route=\/wp\/v2\/posts\/36600\/revisions\/36602"}],"wp:featuredmedia":[{"embeddable":true,"href":"https:\/\/elconspirador.com.mx\/index.php?rest_route=\/wp\/v2\/media\/36601"}],"wp:attachment":[{"href":"https:\/\/elconspirador.com.mx\/index.php?rest_route=%2Fwp%2Fv2%2Fmedia&parent=36600"}],"wp:term":[{"taxonomy":"category","embeddable":true,"href":"https:\/\/elconspirador.com.mx\/index.php?rest_route=%2Fwp%2Fv2%2Fcategories&post=36600"},{"taxonomy":"post_tag","embeddable":true,"href":"https:\/\/elconspirador.com.mx\/index.php?rest_route=%2Fwp%2Fv2%2Ftags&post=36600"}],"curies":[{"name":"wp","href":"https:\/\/api.w.org\/{rel}","templated":true}]}}