{"id":36612,"date":"2023-11-13T08:05:14","date_gmt":"2023-11-13T14:05:14","guid":{"rendered":"https:\/\/elconspirador.com.mx\/?p=36612"},"modified":"2023-11-13T08:05:14","modified_gmt":"2023-11-13T14:05:14","slug":"rescatan-a-nino-de-seis-anos-adicto-a-las-fentaminas","status":"publish","type":"post","link":"https:\/\/elconspirador.com.mx\/?p=36612","title":{"rendered":"RESCATAN A NI\u00d1O DE SEIS A\u00d1OS ADICTO A LAS FENTAMINAS"},"content":{"rendered":"<p data-reader-unique-id=\"7\">Apenas tiene seis a\u00f1os de edad y ya padece adicci\u00f3n a las metanfetaminas, se trata de un peque\u00f1o que fue rescatado por las autoridades de Durango luego de que habitantes de G\u00f3mez Palacio, Durango, reportaran en el infante un comportamiento extra\u00f1o.<\/p>\n<p data-reader-unique-id=\"7\">\n<p data-reader-unique-id=\"7\"><em data-reader-unique-id=\"14\">\u201cTuvimos el ingreso de un ni\u00f1o de seis a\u00f1os que nos dio positivo a metanfetaminas\u201c.<\/em> Laura Cecilia Rodr\u00edguez Franco, procuradora Protecci\u00f3n de Ni\u00f1as, Ni\u00f1os y Adolescentes.<\/p>\n<h2 class=\"clear\" data-reader-unique-id=\"16\">Menor se hizo adicto en Durango por su padre<\/h2>\n<p data-reader-unique-id=\"18\">Las drogas que el infante consum\u00eda presuntamente eran proporcionadas por su padre, con quien viv\u00eda en la indigencia.<\/p>\n<p data-reader-unique-id=\"18\"><em data-reader-unique-id=\"26\">\u201cFueron muy deplorables las condiciones en las que encontramos al ni\u00f1o, est\u00e1bamos muy impactados porque nos dio positivo a tres drogas en el examen toxicol\u00f3gico y pues ahorita estamos en la fase de desintoxicaci\u00f3n\u201c.<\/em> Laura Cecilia Rodr\u00edguez Franco, procuradora Protecci\u00f3n de Ni\u00f1as, Ni\u00f1os y Adolescentes<\/p>\n<p data-reader-unique-id=\"33\">De la madre no se sabe nada, incluso el peque\u00f1o ni siquiera tiene nombre porque nunca fue registrado.<\/p>\n<p data-reader-unique-id=\"39\">El padre fue detenido y puesto a disposici\u00f3n de la vicefiscal\u00eda de G\u00f3mez Palacio, Durango.<\/p>\n<p data-reader-unique-id=\"41\">Ahora las autoridades investigan sobre la familia del menor, pues en caso de no encontrar a otro familiar responsable, pasar\u00e1 a cuidado del gobierno, una vez que culmine su rehabilitaci\u00f3n.<\/p>\n<div data-reader-unique-id=\"47\">\n<div data-posts=\"\" data-current-post-id=\"1163272\" data-reader-unique-id=\"48\"><\/div>\n<\/div>\n","protected":false},"excerpt":{"rendered":"<p>Apenas tiene seis a\u00f1os de edad y ya padece adicci\u00f3n a las metanfetaminas, se trata de un peque\u00f1o que fue rescatado por las autoridades de Durango luego de que habitantes de G\u00f3mez Palacio, Durango, reportaran en el infante un comportamiento extra\u00f1o. \u201cTuvimos el ingreso de un ni\u00f1o de seis a\u00f1os que nos dio positivo a metanfetaminas\u201c. Laura Cecilia Rodr\u00edguez Franco,<\/p>\n<div class=\"h10\"><\/div>\n<p><a class=\"more-link2 flat\" href=\"https:\/\/elconspirador.com.mx\/?p=36612\">Leer m\u00e1s<\/a><\/p>\n","protected":false},"author":1,"featured_media":36613,"comment_status":"open","ping_status":"open","sticky":false,"template":"","format":"standard","meta":{"om_disable_all_campaigns":false,"_uf_show_specific_survey":0,"_uf_disable_surveys":false},"categories":[1],"tags":[],"aioseo_notices":[],"_links":{"self":[{"href":"https:\/\/elconspirador.com.mx\/index.php?rest_route=\/wp\/v2\/posts\/36612"}],"collection":[{"href":"https:\/\/elconspirador.com.mx\/index.php?rest_route=\/wp\/v2\/posts"}],"about":[{"href":"https:\/\/elconspirador.com.mx\/index.php?rest_route=\/wp\/v2\/types\/post"}],"author":[{"embeddable":true,"href":"https:\/\/elconspirador.com.mx\/index.php?rest_route=\/wp\/v2\/users\/1"}],"replies":[{"embeddable":true,"href":"https:\/\/elconspirador.com.mx\/index.php?rest_route=%2Fwp%2Fv2%2Fcomments&post=36612"}],"version-history":[{"count":2,"href":"https:\/\/elconspirador.com.mx\/index.php?rest_route=\/wp\/v2\/posts\/36612\/revisions"}],"predecessor-version":[{"id":36863,"href":"https:\/\/elconspirador.com.mx\/index.php?rest_route=\/wp\/v2\/posts\/36612\/revisions\/36863"}],"wp:featuredmedia":[{"embeddable":true,"href":"https:\/\/elconspirador.com.mx\/index.php?rest_route=\/wp\/v2\/media\/36613"}],"wp:attachment":[{"href":"https:\/\/elconspirador.com.mx\/index.php?rest_route=%2Fwp%2Fv2%2Fmedia&parent=36612"}],"wp:term":[{"taxonomy":"category","embeddable":true,"href":"https:\/\/elconspirador.com.mx\/index.php?rest_route=%2Fwp%2Fv2%2Fcategories&post=36612"},{"taxonomy":"post_tag","embeddable":true,"href":"https:\/\/elconspirador.com.mx\/index.php?rest_route=%2Fwp%2Fv2%2Ftags&post=36612"}],"curies":[{"name":"wp","href":"https:\/\/api.w.org\/{rel}","templated":true}]}}