{"id":36618,"date":"2023-11-07T17:35:52","date_gmt":"2023-11-07T23:35:52","guid":{"rendered":"https:\/\/elconspirador.com.mx\/?p=36618"},"modified":"2023-11-07T17:35:52","modified_gmt":"2023-11-07T23:35:52","slug":"capital-construye-4-vias-de-estacionamiento-en-ezequiel-montes","status":"publish","type":"post","link":"https:\/\/elconspirador.com.mx\/?p=36618","title":{"rendered":"CAPITAL CONSTRUYE 4 V\u00cdAS DE ESTACIONAMIENTO EN EZEQUIEL MONTES"},"content":{"rendered":"<p>La Secretar\u00eda de movilidad est\u00e1 construyendo cuatro bah\u00edas de estacionamiento en Ezequiel Montes, de las cuales una ser\u00e1 una ampliaci\u00f3n de la ya existente en la plazuela Mariano de las Casas, dio a conocer Rodrigo Vega Maestre, titular de la dependencia.<\/p>\n<p>Detall\u00f3 que las bah\u00edas se encontrar\u00e1n en Mariano de las Casas, donde habr\u00e1 una ampliaci\u00f3n para estacionar un veh\u00edculo m\u00e1s; mientras que las tres restantes se ubicar\u00e1n entre Madero y Arteaga, donde las banquetas quedar\u00e1n de 1.50 metros del lado izquierdo y de dos metros de lado derecho.<\/p>\n<p>\u201cSe empez\u00f3 un proceso de socializaci\u00f3n ya casi de un a\u00f1o, donde empezamos a trabajar con los residentes y establecimientos de la zona. En un espacio limitado, no podemos hacer m\u00e1s ancha la calle, cabemos todos y todos cediendo un poco hemos logrado convivir ciclista, peat\u00f3n, veh\u00edculos de carga y descarga, en este tenor se toma la decisi\u00f3n de albergar cuatro bah\u00edas de estacionamiento nuevas\u201d, indic\u00f3.<\/p>\n<p>Precis\u00f3 que en el tramo de Madero a Arteaga hay 69 unidades econ\u00f3micas, por lo que justific\u00f3 la necesidad de contar con bah\u00edas de estacionamiento en dichos espacios; en lo particular, coment\u00f3 que las bah\u00edas quedar\u00e1n de 2.40 metros por 9 metros.<\/p>\n<p>\u201cEn lo particular vamos a tener banquetas que van de los dos metros al 1.50, ya con esta implementaci\u00f3n de un lado, y del lado derecho vamos a tener banquetas de dos metros como actualmente est\u00e1n\u201d, a\u00f1adi\u00f3.<\/p>\n<p>Refiri\u00f3 que el proceso de socializaci\u00f3n comenz\u00f3 hace un a\u00f1o con los comerciantes de la zona.<\/p>\n","protected":false},"excerpt":{"rendered":"<p>La Secretar\u00eda de movilidad est\u00e1 construyendo cuatro bah\u00edas de estacionamiento en Ezequiel Montes, de las cuales una ser\u00e1 una ampliaci\u00f3n de la ya existente en la plazuela Mariano de las Casas, dio a conocer Rodrigo Vega Maestre, titular de la dependencia. Detall\u00f3 que las bah\u00edas se encontrar\u00e1n en Mariano de las Casas, donde habr\u00e1 una ampliaci\u00f3n para estacionar un veh\u00edculo<\/p>\n<div class=\"h10\"><\/div>\n<p><a class=\"more-link2 flat\" href=\"https:\/\/elconspirador.com.mx\/?p=36618\">Leer m\u00e1s<\/a><\/p>\n","protected":false},"author":1,"featured_media":36620,"comment_status":"open","ping_status":"open","sticky":false,"template":"","format":"standard","meta":{"om_disable_all_campaigns":false,"_uf_show_specific_survey":0,"_uf_disable_surveys":false},"categories":[1],"tags":[],"aioseo_notices":[],"_links":{"self":[{"href":"https:\/\/elconspirador.com.mx\/index.php?rest_route=\/wp\/v2\/posts\/36618"}],"collection":[{"href":"https:\/\/elconspirador.com.mx\/index.php?rest_route=\/wp\/v2\/posts"}],"about":[{"href":"https:\/\/elconspirador.com.mx\/index.php?rest_route=\/wp\/v2\/types\/post"}],"author":[{"embeddable":true,"href":"https:\/\/elconspirador.com.mx\/index.php?rest_route=\/wp\/v2\/users\/1"}],"replies":[{"embeddable":true,"href":"https:\/\/elconspirador.com.mx\/index.php?rest_route=%2Fwp%2Fv2%2Fcomments&post=36618"}],"version-history":[{"count":1,"href":"https:\/\/elconspirador.com.mx\/index.php?rest_route=\/wp\/v2\/posts\/36618\/revisions"}],"predecessor-version":[{"id":36619,"href":"https:\/\/elconspirador.com.mx\/index.php?rest_route=\/wp\/v2\/posts\/36618\/revisions\/36619"}],"wp:featuredmedia":[{"embeddable":true,"href":"https:\/\/elconspirador.com.mx\/index.php?rest_route=\/wp\/v2\/media\/36620"}],"wp:attachment":[{"href":"https:\/\/elconspirador.com.mx\/index.php?rest_route=%2Fwp%2Fv2%2Fmedia&parent=36618"}],"wp:term":[{"taxonomy":"category","embeddable":true,"href":"https:\/\/elconspirador.com.mx\/index.php?rest_route=%2Fwp%2Fv2%2Fcategories&post=36618"},{"taxonomy":"post_tag","embeddable":true,"href":"https:\/\/elconspirador.com.mx\/index.php?rest_route=%2Fwp%2Fv2%2Ftags&post=36618"}],"curies":[{"name":"wp","href":"https:\/\/api.w.org\/{rel}","templated":true}]}}