{"id":36633,"date":"2023-11-07T15:32:27","date_gmt":"2023-11-07T21:32:27","guid":{"rendered":"https:\/\/elconspirador.com.mx\/?p=36633"},"modified":"2023-11-07T15:32:27","modified_gmt":"2023-11-07T21:32:27","slug":"listo-el-cartel-del-festival-trovabierta-2023","status":"publish","type":"post","link":"https:\/\/elconspirador.com.mx\/?p=36633","title":{"rendered":"LISTO EL CARTEL DEL FESTIVAL TROVABIERTA 2023"},"content":{"rendered":"<p>&nbsp;<\/p>\n<p>El Municipio de Quer\u00e9taro, a trav\u00e9s de la Secretar\u00eda de Cultura, dio a conocer el cartel para la segunda edici\u00f3n del Festival TrovAbierta 2023, en el que destacan los tres queretanos ganadores del concurso de cantautores y cantautoras, quienes compartir\u00e1n escenario con artistas de la talla de Fernando Delgadillo, Eugenia Le\u00f3n, Amaury P\u00e9rez, Monsieur Perin\u00e9.<\/p>\n<p>La Secretaria de Cultura Municipal, Mar\u00eda Teresa Garc\u00eda Besn\u00e9, destac\u00f3 que en los cinco a\u00f1os de gesti\u00f3n de Luis Nava, el impulso y acceso a la cultura ha sido un eje fundamental para generar comunidad, de ah\u00ed que en esta ocasi\u00f3n se pone a disposici\u00f3n de las familias, la m\u00fasica, el arte y la cultura a trav\u00e9s del Festival TrovAbierta que impulsa el talento local y trae a los mejores exponentes de la trova a nivel nacional e internacional.<\/p>\n<p>\u201cQueremos decir y expresar que en Quer\u00e9taro hay trova para un buen rato; y queremos que m\u00e1s gente se apropie de las plazas, que las familias disfruten de la m\u00fasica y de caminar por el Centro Hist\u00f3rico. Ponemos a disposici\u00f3n este festival gratuito para que las familias vivan mejor en este Quer\u00e9taro que queremos\u201d se\u00f1al\u00f3.<\/p>\n<p>Tere Garc\u00eda present\u00f3 a H\u00e9ctor G\u00f3mez, ganador del primer lugar del concurso de cantautores y cantautoras TrovAbierta; Ernesto Goepfert, segundo lugar; y Andrea Cisneros, tercer lugar; quienes alternar\u00e1n en el programa del Festival TrovAbierta que se llevar\u00e1 a cabo del 17 al 19 de noviembre en la Plaza Fundadores.<\/p>\n<p>H\u00e9ctor G\u00f3mez ganador del primer lugar del concurso, agradeci\u00f3 al municipio de Quer\u00e9taro por la organizaci\u00f3n del festival y del concurso, porque gracias a ello tendr\u00e1 la oportunidad de alternar con los artistas que admira, en un espacio que consider\u00f3 de lujo para expresar sentimientos a trav\u00e9s de la m\u00fasica, el arte y la cultura y poder tocar el coraz\u00f3n de las personas que asistan al Festival.<\/p>\n<p>Los artistas que completan en cartel son: Rafa Mendoza Muerdo, El Kanka, Miguel Inzunza, El David Aguilar, Fran Fern\u00e1ndez, Bel\u00e9n Cuturi, Gerardo Pe\u00f1a, Pablo Alarc\u00f3n, Amanda Toval\u00edn, Paulina Parga y Zofi Zaro. El Festival llevar\u00e1 a cabo de forma gratuita y se puede consultar la programaci\u00f3n en las redes sociales de TrovAbierta Festival, la Secretar\u00eda de Cultura del Municipio de Quer\u00e9taro y www.trovabierta.mx<\/p>\n","protected":false},"excerpt":{"rendered":"<p>&nbsp; El Municipio de Quer\u00e9taro, a trav\u00e9s de la Secretar\u00eda de Cultura, dio a conocer el cartel para la segunda edici\u00f3n del Festival TrovAbierta 2023, en el que destacan los tres queretanos ganadores del concurso de cantautores y cantautoras, quienes compartir\u00e1n escenario con artistas de la talla de Fernando Delgadillo, Eugenia Le\u00f3n, Amaury P\u00e9rez, Monsieur Perin\u00e9. La Secretaria de Cultura<\/p>\n<div class=\"h10\"><\/div>\n<p><a class=\"more-link2 flat\" href=\"https:\/\/elconspirador.com.mx\/?p=36633\">Leer m\u00e1s<\/a><\/p>\n","protected":false},"author":1,"featured_media":36635,"comment_status":"open","ping_status":"open","sticky":false,"template":"","format":"standard","meta":{"om_disable_all_campaigns":false,"_uf_show_specific_survey":0,"_uf_disable_surveys":false},"categories":[1],"tags":[],"aioseo_notices":[],"_links":{"self":[{"href":"https:\/\/elconspirador.com.mx\/index.php?rest_route=\/wp\/v2\/posts\/36633"}],"collection":[{"href":"https:\/\/elconspirador.com.mx\/index.php?rest_route=\/wp\/v2\/posts"}],"about":[{"href":"https:\/\/elconspirador.com.mx\/index.php?rest_route=\/wp\/v2\/types\/post"}],"author":[{"embeddable":true,"href":"https:\/\/elconspirador.com.mx\/index.php?rest_route=\/wp\/v2\/users\/1"}],"replies":[{"embeddable":true,"href":"https:\/\/elconspirador.com.mx\/index.php?rest_route=%2Fwp%2Fv2%2Fcomments&post=36633"}],"version-history":[{"count":1,"href":"https:\/\/elconspirador.com.mx\/index.php?rest_route=\/wp\/v2\/posts\/36633\/revisions"}],"predecessor-version":[{"id":36636,"href":"https:\/\/elconspirador.com.mx\/index.php?rest_route=\/wp\/v2\/posts\/36633\/revisions\/36636"}],"wp:featuredmedia":[{"embeddable":true,"href":"https:\/\/elconspirador.com.mx\/index.php?rest_route=\/wp\/v2\/media\/36635"}],"wp:attachment":[{"href":"https:\/\/elconspirador.com.mx\/index.php?rest_route=%2Fwp%2Fv2%2Fmedia&parent=36633"}],"wp:term":[{"taxonomy":"category","embeddable":true,"href":"https:\/\/elconspirador.com.mx\/index.php?rest_route=%2Fwp%2Fv2%2Fcategories&post=36633"},{"taxonomy":"post_tag","embeddable":true,"href":"https:\/\/elconspirador.com.mx\/index.php?rest_route=%2Fwp%2Fv2%2Ftags&post=36633"}],"curies":[{"name":"wp","href":"https:\/\/api.w.org\/{rel}","templated":true}]}}