{"id":36650,"date":"2023-11-07T20:37:41","date_gmt":"2023-11-08T02:37:41","guid":{"rendered":"https:\/\/elconspirador.com.mx\/?p=36650"},"modified":"2023-11-07T20:37:41","modified_gmt":"2023-11-08T02:37:41","slug":"inauguran-bazar-ale-2023","status":"publish","type":"post","link":"https:\/\/elconspirador.com.mx\/?p=36650","title":{"rendered":"INAUGURAN BAZAR \u201cALE\u201d 2023"},"content":{"rendered":"<p>La presidenta del Patronato del Sistema Estatal DIF Quer\u00e9taro, Car Herrera de Kuri, en compa\u00f1\u00eda de la presidenta Fundadora de la Asociaci\u00f3n ALE, I.A.P., Adriana Castro de Alverde, cort\u00f3 el list\u00f3n inaugural de la d\u00e9cimo sexta edici\u00f3n del Bazar ALE 2023.<\/p>\n<p>Este magno evento a favor de la Donaci\u00f3n de \u00d3rganos, se celebra en el Club de Industriales de Quer\u00e9taro, los d\u00edas 7 y 8 de noviembre, con el objetivo de apoyar a las personas de escasos recursos que requieren apoyo en su tratamiento de hemodi\u00e1lisis.<\/p>\n<p>Ah\u00ed Car de Kuri refrend\u00f3 su compromiso de motivar a las y los queretanos a ser parte de la cultura de la donaci\u00f3n de \u00f3rganos.<\/p>\n<p>&#8220;Hoy nos sumamos con la Asociaci\u00f3n Ale para celebrar su bazar, un evento con causa que beneficiar\u00e1 con medicamentos y sesiones de hemodi\u00e1lisis a muchas personas; los invitamos a comprar, a ser solidarios y emp\u00e1ticos, porque lo m\u00e1s importante es que podamos ayudar\u201d, enfatiz\u00f3 antes de hacer un recorrido por este bazar con causa.<\/p>\n<p>Durante su intervenci\u00f3n, la directora del Bazar Ale, Claudia Serratos de Carrete, expres\u00f3 que dar es uno de los mejores sentimientos que existen y que con la ayuda de la sociedad provocar\u00e1n una sonrisa en los pacientes m\u00e1s necesitados.<\/p>\n<p>Este Bazar tiene como meta recaudar m\u00e1s de 500 mil pesos, una parte ser\u00e1 para mejorar la calidad de vida de los pacientes, pero en esta ocasi\u00f3n las ganancias se destinar\u00e1n tambi\u00e9n para los damnificados por el hurac\u00e1n Otis en Guerrero.<\/p>\n<p>Los asistentes a este Bazar tendr\u00e1n la oportunidad de encontrar en m\u00e1s de 50 estantes, diversos productos como piezas de arte, art\u00edculos de navidad, joyer\u00eda, decoraci\u00f3n para el hogar, juguetes, ropa, zapatos, productos gourmet, entre otros.<\/p>\n<p>En el evento estuvo la presidenta del Patronato del Sistema Municipal DIF de Quer\u00e9taro, Arah\u00ed Dom\u00ednguez; el rector de la Universidad An\u00e1huac, Luis Alverde Montemayor; y la presidenta de la Asociaci\u00f3n ALE Quer\u00e9taro, Martha Parra de Cabrera.<\/p>\n","protected":false},"excerpt":{"rendered":"<p>La presidenta del Patronato del Sistema Estatal DIF Quer\u00e9taro, Car Herrera de Kuri, en compa\u00f1\u00eda de la presidenta Fundadora de la Asociaci\u00f3n ALE, I.A.P., Adriana Castro de Alverde, cort\u00f3 el list\u00f3n inaugural de la d\u00e9cimo sexta edici\u00f3n del Bazar ALE 2023. Este magno evento a favor de la Donaci\u00f3n de \u00d3rganos, se celebra en el Club de Industriales de Quer\u00e9taro,<\/p>\n<div class=\"h10\"><\/div>\n<p><a class=\"more-link2 flat\" href=\"https:\/\/elconspirador.com.mx\/?p=36650\">Leer m\u00e1s<\/a><\/p>\n","protected":false},"author":1,"featured_media":36651,"comment_status":"open","ping_status":"open","sticky":false,"template":"","format":"standard","meta":{"om_disable_all_campaigns":false,"_uf_show_specific_survey":0,"_uf_disable_surveys":false},"categories":[1],"tags":[],"aioseo_notices":[],"_links":{"self":[{"href":"https:\/\/elconspirador.com.mx\/index.php?rest_route=\/wp\/v2\/posts\/36650"}],"collection":[{"href":"https:\/\/elconspirador.com.mx\/index.php?rest_route=\/wp\/v2\/posts"}],"about":[{"href":"https:\/\/elconspirador.com.mx\/index.php?rest_route=\/wp\/v2\/types\/post"}],"author":[{"embeddable":true,"href":"https:\/\/elconspirador.com.mx\/index.php?rest_route=\/wp\/v2\/users\/1"}],"replies":[{"embeddable":true,"href":"https:\/\/elconspirador.com.mx\/index.php?rest_route=%2Fwp%2Fv2%2Fcomments&post=36650"}],"version-history":[{"count":1,"href":"https:\/\/elconspirador.com.mx\/index.php?rest_route=\/wp\/v2\/posts\/36650\/revisions"}],"predecessor-version":[{"id":36652,"href":"https:\/\/elconspirador.com.mx\/index.php?rest_route=\/wp\/v2\/posts\/36650\/revisions\/36652"}],"wp:featuredmedia":[{"embeddable":true,"href":"https:\/\/elconspirador.com.mx\/index.php?rest_route=\/wp\/v2\/media\/36651"}],"wp:attachment":[{"href":"https:\/\/elconspirador.com.mx\/index.php?rest_route=%2Fwp%2Fv2%2Fmedia&parent=36650"}],"wp:term":[{"taxonomy":"category","embeddable":true,"href":"https:\/\/elconspirador.com.mx\/index.php?rest_route=%2Fwp%2Fv2%2Fcategories&post=36650"},{"taxonomy":"post_tag","embeddable":true,"href":"https:\/\/elconspirador.com.mx\/index.php?rest_route=%2Fwp%2Fv2%2Ftags&post=36650"}],"curies":[{"name":"wp","href":"https:\/\/api.w.org\/{rel}","templated":true}]}}