{"id":36689,"date":"2023-11-09T07:16:55","date_gmt":"2023-11-09T13:16:55","guid":{"rendered":"https:\/\/elconspirador.com.mx\/?p=36689"},"modified":"2023-11-09T07:16:55","modified_gmt":"2023-11-09T13:16:55","slug":"capital-revisara-causas-de-explosion-en-cfe","status":"publish","type":"post","link":"https:\/\/elconspirador.com.mx\/?p=36689","title":{"rendered":"CAPITAL REVISAR\u00c1 CAUSAS DE EXPLOSI\u00d3N EN CFE"},"content":{"rendered":"<p>Si la Comisi\u00f3n Federal de Electricidad (CFE) lo solicita, la coordinaci\u00f3n municipal de Protecci\u00f3n Civil podr\u00eda participar en el dictamen para determinar las causas que ocasionaron la explosi\u00f3n en la subestaci\u00f3n de la CFE en Juriquilla, indic\u00f3 Francisco Ram\u00edrez Santana, titular de protecci\u00f3n civil en la capital.<\/p>\n<p>El funcionario indic\u00f3 que alrededor de las 6:00 horas comenzaron a recibir reportes al 911 sobre el incendio de la subestaci\u00f3n, el cual, explic\u00f3, se da por arco el\u00e9ctrico y genera un fuerte sonido; sin embargo, confirm\u00f3 que no hubo personas lesionadas ni fallecidas.<\/p>\n<p>Indic\u00f3 que la CFE ser\u00e1 quien investigue los hechos y precis\u00f3 que no tienen elementos para decir que se trat\u00f3 de vandalismo; mencion\u00f3 que se desconoce el tama\u00f1o de la afectaci\u00f3n en la subestaci\u00f3n y a\u00f1adi\u00f3 que lo importante es restablecer la energ\u00eda el\u00e9ctrica en la zona norte de la capital.<\/p>\n<p>&#8220;S\u00e9 que hubo algo de transformadores en su interior que sufrieron este da\u00f1o y por ello la energ\u00eda el\u00e9ctrica tuvo que ser suspendida por el tema del cableado, los propios transformadores. Fueron bastante minutos, media hora, 40 minutos, se hace el corte en sus sistemas&#8221;, refiri\u00f3.<\/p>\n<p>Sobre el accidente en el libramiento noreste, mencion\u00f3 que, derivado de un accidente entre dos unidades pesadas, se ocasion\u00f3 un incendio en el que se consumieron alrededor de 60 mil litros de di\u00e9sel; sin embargo, puntualiz\u00f3 que no hubo personas fallecidas y los conductores solo presentaron lesiones m\u00ednimas sin necesidad de requerir atenci\u00f3n personalizada.<\/p>\n<p>Detall\u00f3 que entre las 4:30 y 5:00 horas concluyeron las labores de contenci\u00f3n del incendio, en las que participaron elementos de Bomberos de Quer\u00e9taro, protecci\u00f3n civil de El Marqu\u00e9s, protecci\u00f3n civil estatal, CRUM, Capufe, servicios p\u00fablicos con apoyo de pipas de agua y la delegaci\u00f3n Epigmenio Gonz\u00e1lez con apoyo de arena.<\/p>\n","protected":false},"excerpt":{"rendered":"<p>Si la Comisi\u00f3n Federal de Electricidad (CFE) lo solicita, la coordinaci\u00f3n municipal de Protecci\u00f3n Civil podr\u00eda participar en el dictamen para determinar las causas que ocasionaron la explosi\u00f3n en la subestaci\u00f3n de la CFE en Juriquilla, indic\u00f3 Francisco Ram\u00edrez Santana, titular de protecci\u00f3n civil en la capital. El funcionario indic\u00f3 que alrededor de las 6:00 horas comenzaron a recibir reportes<\/p>\n<div class=\"h10\"><\/div>\n<p><a class=\"more-link2 flat\" href=\"https:\/\/elconspirador.com.mx\/?p=36689\">Leer m\u00e1s<\/a><\/p>\n","protected":false},"author":1,"featured_media":36690,"comment_status":"open","ping_status":"open","sticky":false,"template":"","format":"standard","meta":{"om_disable_all_campaigns":false,"_uf_show_specific_survey":0,"_uf_disable_surveys":false},"categories":[1],"tags":[],"aioseo_notices":[],"_links":{"self":[{"href":"https:\/\/elconspirador.com.mx\/index.php?rest_route=\/wp\/v2\/posts\/36689"}],"collection":[{"href":"https:\/\/elconspirador.com.mx\/index.php?rest_route=\/wp\/v2\/posts"}],"about":[{"href":"https:\/\/elconspirador.com.mx\/index.php?rest_route=\/wp\/v2\/types\/post"}],"author":[{"embeddable":true,"href":"https:\/\/elconspirador.com.mx\/index.php?rest_route=\/wp\/v2\/users\/1"}],"replies":[{"embeddable":true,"href":"https:\/\/elconspirador.com.mx\/index.php?rest_route=%2Fwp%2Fv2%2Fcomments&post=36689"}],"version-history":[{"count":1,"href":"https:\/\/elconspirador.com.mx\/index.php?rest_route=\/wp\/v2\/posts\/36689\/revisions"}],"predecessor-version":[{"id":36691,"href":"https:\/\/elconspirador.com.mx\/index.php?rest_route=\/wp\/v2\/posts\/36689\/revisions\/36691"}],"wp:featuredmedia":[{"embeddable":true,"href":"https:\/\/elconspirador.com.mx\/index.php?rest_route=\/wp\/v2\/media\/36690"}],"wp:attachment":[{"href":"https:\/\/elconspirador.com.mx\/index.php?rest_route=%2Fwp%2Fv2%2Fmedia&parent=36689"}],"wp:term":[{"taxonomy":"category","embeddable":true,"href":"https:\/\/elconspirador.com.mx\/index.php?rest_route=%2Fwp%2Fv2%2Fcategories&post=36689"},{"taxonomy":"post_tag","embeddable":true,"href":"https:\/\/elconspirador.com.mx\/index.php?rest_route=%2Fwp%2Fv2%2Ftags&post=36689"}],"curies":[{"name":"wp","href":"https:\/\/api.w.org\/{rel}","templated":true}]}}