{"id":36698,"date":"2023-11-09T06:09:45","date_gmt":"2023-11-09T12:09:45","guid":{"rendered":"https:\/\/elconspirador.com.mx\/?p=36698"},"modified":"2023-11-09T06:09:45","modified_gmt":"2023-11-09T12:09:45","slug":"corregidora-llevara-a-cabo-expo-emprende","status":"publish","type":"post","link":"https:\/\/elconspirador.com.mx\/?p=36698","title":{"rendered":"CORREGIDORA LLEVAR\u00c1 A CABO EXPO EMPRENDE"},"content":{"rendered":"<p>El Municipio de Corregidora llevar\u00e1 a cabo la Expo Emprende Corregidora 2023, el pr\u00f3ximo 16 de noviembre, que tiene por objetivo impulsar a los emprendedores, micros, peque\u00f1as y medianas empresas (MiPyMes), dio a conocer Esther Carboney Echave, secretaria de Desarrollo Econ\u00f3mico municipal, quien detall\u00f3 que participar\u00e1n m\u00e1s de 40 emprendedores locales que buscan posicionar su marca, productos y servicios.<\/p>\n<p>Precis\u00f3 que esta segunda edici\u00f3n de la Expo Emprende Corregidora 2023, a cargo de la Direcci\u00f3n de Atracci\u00f3n de Inversi\u00f3n y Emprendimiento, ser\u00e1 realizada en el Jard\u00edn Principal de El Pueblito, de las 10:00 a las 17:00 horas, los asistentes podr\u00e1n conocer la diversidad de productos y servicios que ofrecen los participantes, en donde tambi\u00e9n habr\u00e1 puestos de comida y food trucks.<\/p>\n<p>\u201cQuiero invitarlos a que, el pr\u00f3ximo 16 de noviembre, nos acompa\u00f1en en Jard\u00edn Principal, aqu\u00ed en El Pueblito, a la segunda edici\u00f3n de Expo Emprendedores, cuyo objetivo es que la gente venga, exponga sus proyectos, todos los emprendedores, y se mueva esta econom\u00eda local, pues nuestro alcalde Roberto Sosa nos ha pedido seguir impulsando el desarrollo econ\u00f3mico del municipio, y qu\u00e9 mejor que esta Expo Emprendedores. 16 de noviembre, de 10:00 (de la ma\u00f1ana) a 5:00 de la tarde. Tendremos 40 emprendedores, food trucks y puestos de alimentos. \u00a1Aqu\u00ed los esperamos!\u201d, enfatiz\u00f3.<\/p>\n<p>La funcionaria coment\u00f3 que los m\u00e1s de 40 emprendedores que estar\u00e1n en la expo han participado en los diferentes programas, cursos y capacitaciones que el gobierno municipal, bajo la visi\u00f3n Roberto Sosa Pichardo, presidente municipal de Corregidora, implementa para apoyar los proyectos de quienes a su vez contribuyen al mercado y a la econom\u00eda municipal.<\/p>\n<p>Resalt\u00f3 que para esta estrategia se ha contado con la colaboraci\u00f3n de la Secretar\u00eda del Trabajo, del Centro Estatal de Empleabilidad, de la Secretar\u00eda de Desarrollo Sustentable y del Instituto Queretano de Emprendimiento e Innovaci\u00f3n; as\u00ed como de la Universidad New Element, la Universidad Tecnol\u00f3gica de Corregidora, la Universidad del Golfo de M\u00e9xico, El Tec Milenio y de la Universidad Tecnol\u00f3gica de Quer\u00e9taro.<\/p>\n<p>La responsable del desarrollo econ\u00f3mico de Corregidora destac\u00f3 que para apoyar a los emprendedores, la administraci\u00f3n implementa herramientas de capacitaci\u00f3n y asesor\u00eda para conformar negocios m\u00e1s preparados, m\u00e1s competitivos y que est\u00e9n a la altura del nuevo entorno empresarial, lo que contribuye al dinamismo y competitividad de la econom\u00eda municipal.<\/p>\n<p>Finalmente, la secretaria reiter\u00f3 la invitaci\u00f3n a la ciudadan\u00eda para que asista, conozca, aproveche y disfrute de lo que ofrece la Expo Emprende Corregidora 2023.<\/p>\n","protected":false},"excerpt":{"rendered":"<p>El Municipio de Corregidora llevar\u00e1 a cabo la Expo Emprende Corregidora 2023, el pr\u00f3ximo 16 de noviembre, que tiene por objetivo impulsar a los emprendedores, micros, peque\u00f1as y medianas empresas (MiPyMes), dio a conocer Esther Carboney Echave, secretaria de Desarrollo Econ\u00f3mico municipal, quien detall\u00f3 que participar\u00e1n m\u00e1s de 40 emprendedores locales que buscan posicionar su marca, productos y servicios. Precis\u00f3<\/p>\n<div class=\"h10\"><\/div>\n<p><a class=\"more-link2 flat\" href=\"https:\/\/elconspirador.com.mx\/?p=36698\">Leer m\u00e1s<\/a><\/p>\n","protected":false},"author":1,"featured_media":36699,"comment_status":"open","ping_status":"open","sticky":false,"template":"","format":"standard","meta":{"om_disable_all_campaigns":false,"_uf_show_specific_survey":0,"_uf_disable_surveys":false},"categories":[1],"tags":[],"aioseo_notices":[],"_links":{"self":[{"href":"https:\/\/elconspirador.com.mx\/index.php?rest_route=\/wp\/v2\/posts\/36698"}],"collection":[{"href":"https:\/\/elconspirador.com.mx\/index.php?rest_route=\/wp\/v2\/posts"}],"about":[{"href":"https:\/\/elconspirador.com.mx\/index.php?rest_route=\/wp\/v2\/types\/post"}],"author":[{"embeddable":true,"href":"https:\/\/elconspirador.com.mx\/index.php?rest_route=\/wp\/v2\/users\/1"}],"replies":[{"embeddable":true,"href":"https:\/\/elconspirador.com.mx\/index.php?rest_route=%2Fwp%2Fv2%2Fcomments&post=36698"}],"version-history":[{"count":1,"href":"https:\/\/elconspirador.com.mx\/index.php?rest_route=\/wp\/v2\/posts\/36698\/revisions"}],"predecessor-version":[{"id":36700,"href":"https:\/\/elconspirador.com.mx\/index.php?rest_route=\/wp\/v2\/posts\/36698\/revisions\/36700"}],"wp:featuredmedia":[{"embeddable":true,"href":"https:\/\/elconspirador.com.mx\/index.php?rest_route=\/wp\/v2\/media\/36699"}],"wp:attachment":[{"href":"https:\/\/elconspirador.com.mx\/index.php?rest_route=%2Fwp%2Fv2%2Fmedia&parent=36698"}],"wp:term":[{"taxonomy":"category","embeddable":true,"href":"https:\/\/elconspirador.com.mx\/index.php?rest_route=%2Fwp%2Fv2%2Fcategories&post=36698"},{"taxonomy":"post_tag","embeddable":true,"href":"https:\/\/elconspirador.com.mx\/index.php?rest_route=%2Fwp%2Fv2%2Ftags&post=36698"}],"curies":[{"name":"wp","href":"https:\/\/api.w.org\/{rel}","templated":true}]}}