{"id":36701,"date":"2023-11-09T13:20:09","date_gmt":"2023-11-09T19:20:09","guid":{"rendered":"https:\/\/elconspirador.com.mx\/?p=36701"},"modified":"2023-11-09T13:20:09","modified_gmt":"2023-11-09T19:20:09","slug":"pan-formaliza-denuncia-vs-bienestar","status":"publish","type":"post","link":"https:\/\/elconspirador.com.mx\/?p=36701","title":{"rendered":"PAN FORMALIZA DENUNCIA VS BIENESTAR"},"content":{"rendered":"<p>El Comit\u00e9 Directivo estatal del PAN y los grupos parlamentarios de Acci\u00f3n Nacional y Quer\u00e9taro Independiente presentaron este martes la denuncia contra Roc\u00edo Peniche, delegada de bienestar en la entidad, y otros servidores p\u00fablicos por participar en la marcha del agua.<\/p>\n<p>Claudio Sinecio Flores, secretario del Partido Acci\u00f3n Nacional (PAN), record\u00f3 que solicitaron que se investiguen los hechos y, de forma cautelar, se separe del cargo a la delegada Roc\u00edo Peniche, o de forma definitiva si se le encuentra responsable.<\/p>\n<p>&#8220;El d\u00eda de ayer, en la Ciudad de M\u00e9xico, en el \u00f3rgano interno de control de la Secretar\u00eda del bienestar presentamos la denuncia. Tenemos conocimiento de que tambi\u00e9n el Partido Revolucionario Institucional present\u00f3 una denuncia&#8221;, dijo.<\/p>\n<p>Indic\u00f3 que la denuncia fue contra 22 funcionarios identificados que participaron en la marcha; se\u00f1al\u00f3 que aunque la delegada inform\u00f3 que quienes participaron lo hicieron de forma personal, critic\u00f3 que se hiciera en horas y d\u00edas h\u00e1biles.<\/p>\n<p>&#8220;Yo creo que est\u00e1 utilizando la desgracia del estado de Guerrero como un mero pretexto para no dar la cara por la responsabilidad que tiene en los hechos que suceden en Quer\u00e9taro, donde ella tiene responsabilidad&#8221;, a\u00f1adi\u00f3.<\/p>\n","protected":false},"excerpt":{"rendered":"<p>El Comit\u00e9 Directivo estatal del PAN y los grupos parlamentarios de Acci\u00f3n Nacional y Quer\u00e9taro Independiente presentaron este martes la denuncia contra Roc\u00edo Peniche, delegada de bienestar en la entidad, y otros servidores p\u00fablicos por participar en la marcha del agua. Claudio Sinecio Flores, secretario del Partido Acci\u00f3n Nacional (PAN), record\u00f3 que solicitaron que se investiguen los hechos y, de<\/p>\n<div class=\"h10\"><\/div>\n<p><a class=\"more-link2 flat\" href=\"https:\/\/elconspirador.com.mx\/?p=36701\">Leer m\u00e1s<\/a><\/p>\n","protected":false},"author":1,"featured_media":36702,"comment_status":"open","ping_status":"open","sticky":false,"template":"","format":"standard","meta":{"om_disable_all_campaigns":false,"_uf_show_specific_survey":0,"_uf_disable_surveys":false},"categories":[1],"tags":[],"aioseo_notices":[],"_links":{"self":[{"href":"https:\/\/elconspirador.com.mx\/index.php?rest_route=\/wp\/v2\/posts\/36701"}],"collection":[{"href":"https:\/\/elconspirador.com.mx\/index.php?rest_route=\/wp\/v2\/posts"}],"about":[{"href":"https:\/\/elconspirador.com.mx\/index.php?rest_route=\/wp\/v2\/types\/post"}],"author":[{"embeddable":true,"href":"https:\/\/elconspirador.com.mx\/index.php?rest_route=\/wp\/v2\/users\/1"}],"replies":[{"embeddable":true,"href":"https:\/\/elconspirador.com.mx\/index.php?rest_route=%2Fwp%2Fv2%2Fcomments&post=36701"}],"version-history":[{"count":1,"href":"https:\/\/elconspirador.com.mx\/index.php?rest_route=\/wp\/v2\/posts\/36701\/revisions"}],"predecessor-version":[{"id":36703,"href":"https:\/\/elconspirador.com.mx\/index.php?rest_route=\/wp\/v2\/posts\/36701\/revisions\/36703"}],"wp:featuredmedia":[{"embeddable":true,"href":"https:\/\/elconspirador.com.mx\/index.php?rest_route=\/wp\/v2\/media\/36702"}],"wp:attachment":[{"href":"https:\/\/elconspirador.com.mx\/index.php?rest_route=%2Fwp%2Fv2%2Fmedia&parent=36701"}],"wp:term":[{"taxonomy":"category","embeddable":true,"href":"https:\/\/elconspirador.com.mx\/index.php?rest_route=%2Fwp%2Fv2%2Fcategories&post=36701"},{"taxonomy":"post_tag","embeddable":true,"href":"https:\/\/elconspirador.com.mx\/index.php?rest_route=%2Fwp%2Fv2%2Ftags&post=36701"}],"curies":[{"name":"wp","href":"https:\/\/api.w.org\/{rel}","templated":true}]}}