{"id":36705,"date":"2023-11-08T14:50:11","date_gmt":"2023-11-08T20:50:11","guid":{"rendered":"https:\/\/elconspirador.com.mx\/?p=36705"},"modified":"2023-11-08T14:54:05","modified_gmt":"2023-11-08T20:54:05","slug":"cambios-en-el-gabinete-de-kuri-este-mes","status":"publish","type":"post","link":"https:\/\/elconspirador.com.mx\/?p=36705","title":{"rendered":"CAMBIOS EN EL GABINETE DE KURI ESTE MES"},"content":{"rendered":"<p>El gobernador Mauricio Kuri Gonz\u00e1lez no descart\u00f3 que este mismo mes se podr\u00edan generar los cambios en su gabinete, con el arranque del proceso electoral.<\/p>\n<p>Y es que Guadalupe Murgu\u00eda Guti\u00e9rrez y Agust\u00edn Dorantes L\u00e1mbarri buscar\u00e1n contender por el senado de la Rep\u00fablica, por ello estar\u00edan obligados a pedir licencia en sus respectivos cargos.<\/p>\n<p>&#8220;Estamos platicando con ellos exactamente, yo creo que en unos d\u00edas ya podr\u00edan tener alguna noticia&#8221;.<\/p>\n<p>Aunque al principio hab\u00eda mencionado que la renuncia se pedir\u00eda hasta el mes de febrero, en esta ocasi\u00f3n no descart\u00f3 que sea en estos d\u00edas.<\/p>\n<p>Renuncia de Zald\u00edvar<\/p>\n<p>Sobre la renuncia de Arturo Zald\u00edvar a la Suprema Corte, Kuri Gonz\u00e1lez acept\u00f3 que fue sorpresiva la decisi\u00f3n del ministro de origen queretano.<\/p>\n<p>&#8220;Ya es un tema que para m\u00ed fue sorpresivo. Conozco muy bien al ministro Zald\u00edvar, es queretano y le deseo la mejor de las suertes y para m\u00ed fue sorpresivo&#8221;.<\/p>\n<p>Sin embargo, se dijo respetuoso de la decisi\u00f3n del ministro, de quien no se descarta su adhesi\u00f3n al proyecto de Claudia Sheinbaum.<\/p>\n<p>&#8220;Yo creo que cada quien es libre de disponer a d\u00f3nde quiere su futuro. \u00c9l no puede tener un cargo de Senador ni de Fiscal en los pr\u00f3ximos dos a\u00f1os, pero esa ya es una decisi\u00f3n de \u00e9l&#8221;.<\/p>\n","protected":false},"excerpt":{"rendered":"<p>El gobernador Mauricio Kuri Gonz\u00e1lez no descart\u00f3 que este mismo mes se podr\u00edan generar los cambios en su gabinete, con el arranque del proceso electoral. Y es que Guadalupe Murgu\u00eda Guti\u00e9rrez y Agust\u00edn Dorantes L\u00e1mbarri buscar\u00e1n contender por el senado de la Rep\u00fablica, por ello estar\u00edan obligados a pedir licencia en sus respectivos cargos. &#8220;Estamos platicando con ellos exactamente, yo<\/p>\n<div class=\"h10\"><\/div>\n<p><a class=\"more-link2 flat\" href=\"https:\/\/elconspirador.com.mx\/?p=36705\">Leer m\u00e1s<\/a><\/p>\n","protected":false},"author":1,"featured_media":36708,"comment_status":"open","ping_status":"open","sticky":false,"template":"","format":"standard","meta":{"om_disable_all_campaigns":false,"_uf_show_specific_survey":0,"_uf_disable_surveys":false},"categories":[1],"tags":[],"aioseo_notices":[],"_links":{"self":[{"href":"https:\/\/elconspirador.com.mx\/index.php?rest_route=\/wp\/v2\/posts\/36705"}],"collection":[{"href":"https:\/\/elconspirador.com.mx\/index.php?rest_route=\/wp\/v2\/posts"}],"about":[{"href":"https:\/\/elconspirador.com.mx\/index.php?rest_route=\/wp\/v2\/types\/post"}],"author":[{"embeddable":true,"href":"https:\/\/elconspirador.com.mx\/index.php?rest_route=\/wp\/v2\/users\/1"}],"replies":[{"embeddable":true,"href":"https:\/\/elconspirador.com.mx\/index.php?rest_route=%2Fwp%2Fv2%2Fcomments&post=36705"}],"version-history":[{"count":1,"href":"https:\/\/elconspirador.com.mx\/index.php?rest_route=\/wp\/v2\/posts\/36705\/revisions"}],"predecessor-version":[{"id":36707,"href":"https:\/\/elconspirador.com.mx\/index.php?rest_route=\/wp\/v2\/posts\/36705\/revisions\/36707"}],"wp:featuredmedia":[{"embeddable":true,"href":"https:\/\/elconspirador.com.mx\/index.php?rest_route=\/wp\/v2\/media\/36708"}],"wp:attachment":[{"href":"https:\/\/elconspirador.com.mx\/index.php?rest_route=%2Fwp%2Fv2%2Fmedia&parent=36705"}],"wp:term":[{"taxonomy":"category","embeddable":true,"href":"https:\/\/elconspirador.com.mx\/index.php?rest_route=%2Fwp%2Fv2%2Fcategories&post=36705"},{"taxonomy":"post_tag","embeddable":true,"href":"https:\/\/elconspirador.com.mx\/index.php?rest_route=%2Fwp%2Fv2%2Ftags&post=36705"}],"curies":[{"name":"wp","href":"https:\/\/api.w.org\/{rel}","templated":true}]}}