{"id":36712,"date":"2023-11-08T15:49:56","date_gmt":"2023-11-08T21:49:56","guid":{"rendered":"https:\/\/elconspirador.com.mx\/?p=36712"},"modified":"2023-11-08T15:49:56","modified_gmt":"2023-11-08T21:49:56","slug":"cfe-reestablece-luz-en-queretaro","status":"publish","type":"post","link":"https:\/\/elconspirador.com.mx\/?p=36712","title":{"rendered":"CFE REESTABLECE LUZ EN QUER\u00c9TARO"},"content":{"rendered":"<p>La Comisi\u00f3n Federal de Electricidad (CFE) ejecut\u00f3 acciones inmediatas y restableci\u00f3 el suministro el\u00e9ctrico al 44% de los usuarios que resultaron afectados por la salida de operaci\u00f3n de la subestaci\u00f3n Jurica, en el municipio de Quer\u00e9taro, Quer\u00e9taro.<\/p>\n<p>A las 06:16 horas, sali\u00f3 de operaci\u00f3n la subestaci\u00f3n Jurica, lo que desenergiz\u00f3 2 transformadores de potencia y afect\u00f3 el suministro el\u00e9ctrico de 35,565 usuarios, quienes representan menos del 4% del total de usuarios de la CFE en esa regi\u00f3n. Entre las 07:05 y las 08:45 se recuper\u00f3 el servicio a 15,486 usuarios afectados.<\/p>\n<p>Personal de la CFE detect\u00f3 el incendio en un interruptor al interior de la subestaci\u00f3n por lo que investiga la causa que lo origin\u00f3, con la implementaci\u00f3n de los protocolos espec\u00edficos en la atenci\u00f3n de este tipo de emergencias. De manera preliminar, con los primeros indicios que se tienen, se presume que el origen se tuvo en un acto de vandalismo.<\/p>\n<p>Con la inmediata intervenci\u00f3n del personal de la CFE, se control\u00f3 el incendio en coordinaci\u00f3n con personal de protecci\u00f3n civil de la localidad. Las labores de restablecimiento continuar\u00e1n hasta restituir el servicio el\u00e9ctrico a la normalidad.<\/p>\n","protected":false},"excerpt":{"rendered":"<p>La Comisi\u00f3n Federal de Electricidad (CFE) ejecut\u00f3 acciones inmediatas y restableci\u00f3 el suministro el\u00e9ctrico al 44% de los usuarios que resultaron afectados por la salida de operaci\u00f3n de la subestaci\u00f3n Jurica, en el municipio de Quer\u00e9taro, Quer\u00e9taro. A las 06:16 horas, sali\u00f3 de operaci\u00f3n la subestaci\u00f3n Jurica, lo que desenergiz\u00f3 2 transformadores de potencia y afect\u00f3 el suministro el\u00e9ctrico de<\/p>\n<div class=\"h10\"><\/div>\n<p><a class=\"more-link2 flat\" href=\"https:\/\/elconspirador.com.mx\/?p=36712\">Leer m\u00e1s<\/a><\/p>\n","protected":false},"author":1,"featured_media":36713,"comment_status":"open","ping_status":"open","sticky":false,"template":"","format":"standard","meta":{"om_disable_all_campaigns":false,"_uf_show_specific_survey":0,"_uf_disable_surveys":false},"categories":[1],"tags":[],"aioseo_notices":[],"_links":{"self":[{"href":"https:\/\/elconspirador.com.mx\/index.php?rest_route=\/wp\/v2\/posts\/36712"}],"collection":[{"href":"https:\/\/elconspirador.com.mx\/index.php?rest_route=\/wp\/v2\/posts"}],"about":[{"href":"https:\/\/elconspirador.com.mx\/index.php?rest_route=\/wp\/v2\/types\/post"}],"author":[{"embeddable":true,"href":"https:\/\/elconspirador.com.mx\/index.php?rest_route=\/wp\/v2\/users\/1"}],"replies":[{"embeddable":true,"href":"https:\/\/elconspirador.com.mx\/index.php?rest_route=%2Fwp%2Fv2%2Fcomments&post=36712"}],"version-history":[{"count":1,"href":"https:\/\/elconspirador.com.mx\/index.php?rest_route=\/wp\/v2\/posts\/36712\/revisions"}],"predecessor-version":[{"id":36714,"href":"https:\/\/elconspirador.com.mx\/index.php?rest_route=\/wp\/v2\/posts\/36712\/revisions\/36714"}],"wp:featuredmedia":[{"embeddable":true,"href":"https:\/\/elconspirador.com.mx\/index.php?rest_route=\/wp\/v2\/media\/36713"}],"wp:attachment":[{"href":"https:\/\/elconspirador.com.mx\/index.php?rest_route=%2Fwp%2Fv2%2Fmedia&parent=36712"}],"wp:term":[{"taxonomy":"category","embeddable":true,"href":"https:\/\/elconspirador.com.mx\/index.php?rest_route=%2Fwp%2Fv2%2Fcategories&post=36712"},{"taxonomy":"post_tag","embeddable":true,"href":"https:\/\/elconspirador.com.mx\/index.php?rest_route=%2Fwp%2Fv2%2Ftags&post=36712"}],"curies":[{"name":"wp","href":"https:\/\/api.w.org\/{rel}","templated":true}]}}