{"id":36725,"date":"2023-11-09T07:16:35","date_gmt":"2023-11-09T13:16:35","guid":{"rendered":"https:\/\/elconspirador.com.mx\/?p=36725"},"modified":"2023-11-09T07:16:35","modified_gmt":"2023-11-09T13:16:35","slug":"inaugura-luis-nava-congreso-de-mediacion","status":"publish","type":"post","link":"https:\/\/elconspirador.com.mx\/?p=36725","title":{"rendered":"INAUGURA LUIS NAVA CONGRESO DE MEDIACI\u00d3N"},"content":{"rendered":"<p>&nbsp;<\/p>\n<p>El Presidente Municipal de Quer\u00e9taro, Luis Nava, inaugur\u00f3 el XIX Congreso Mundial y XXIII Congreso Nacional de Mediaci\u00f3n, que organiza la Secretar\u00eda General de Gobierno Municipal en coordinaci\u00f3n con el Instituto de Mediaci\u00f3n de M\u00e9xico y de la Universidad de Sonora, con el objetivo de resaltar e impulsar el di\u00e1logo y la resoluci\u00f3n pac\u00edfica de conflictos como pilares fundamentales para la cultura de la paz, y hacer la diferencia en la construcci\u00f3n de sociedades m\u00e1s armoniosas para mejorar la calidad de vida de todas y todos.<\/p>\n<p>&#8220;Aqu\u00ed, en Quer\u00e9taro hemos asumido el principio de mediaci\u00f3n, del di\u00e1logo y la resoluci\u00f3n no violenta de conflictos como base de las relaciones sociales como principio transversal de diversas pol\u00edticas p\u00fablicas, incluyendo la mediaci\u00f3n dentro de los condominios, fraccionamientos y organizaciones vecinales, as\u00ed como en la prevenci\u00f3n social de la violencia y la cultura de la paz entre los j\u00f3venes de los barrios de nuestro municipio&#8221;, se\u00f1al\u00f3 el Alcalde.<\/p>\n<p>Luis Nava resalt\u00f3 la diversidad de temas que aborda este congreso, desde la mediaci\u00f3n escolar y hasta la resoluci\u00f3n de conflictos en \u00e1mbitos migratorios, empresariales y penitenciarios, as\u00ed como en contextos familiares y de salud.<\/p>\n<p>Subray\u00f3 tambi\u00e9n la importancia de fortalecer estrategias para cultivar una cultura de paz, pues as\u00ed se contar\u00e1 con un entorno armonioso y seguro para todas y todos los queretanos, de ah\u00ed que destac\u00f3 la relevancia del intercambio de ideas para implementar y mejorar estas pol\u00edticas a nivel local, nacional e internacional en beneficio de la convivencia y el bienestar social.<\/p>\n<p>Rita Plancarte Mart\u00ednez, Rectora de la Universidad de Sonora, enfatiz\u00f3 la importancia de la colaboraci\u00f3n entre organizaciones y entidades para el \u00e9xito de los congresos mundiales y en este sentido, resalt\u00f3 la colaboraci\u00f3n ejemplar con el Municipio de Quer\u00e9taro que encabeza Luis Nava, para ir en alianza por el desarrollo y la difusi\u00f3n de las iniciativas de paz a nivel internacional.<\/p>\n<p>En este evento se se rindi\u00f3 homenaje al Magistrado en Retiro y expresidente del Tribunal Superior de Justicia del Estado de Quer\u00e9taro, Sergio Herrera Trejo, que a trav\u00e9s de su hija, Erika Herrera Garc\u00eda, resalt\u00f3 el compromiso de Luis Nava por establecer centros de mediaci\u00f3n en las delegaciones del municipio, proporcionando servicios gratuitos con personal capacitado por mediadores profesionales del Tribunal Superior de Justicia del Estado, lo que dijo, es reflejo de una iniciativa transformadora presentada en marzo de 2019.<\/p>\n<p>El Congreso Nacional y Mundial de Mediaci\u00f3n se lleva a cabo desde el 6 y hasta el 10 de noviembre en el Hotel Real de Minas, el Centro Educativo y Cultural del Estado de Quer\u00e9taro &#8220;Manuel G\u00f3mez Mor\u00edn&#8221;, y el Centro de las Artes de Quer\u00e9taro, reuniendo a expertos, acad\u00e9micos, docentes y mediadores de M\u00e9xico y de diversas partes del mundo. El evento contar\u00e1 con 28 talleres, 5 conferencias plenarias, 13 sesiones simult\u00e1neas y varias actividades dedicadas al desarrollo de habilidades para la mediaci\u00f3n.<\/p>\n<p>Se espera la participaci\u00f3n de m\u00e1s de mil personas, incluyendo especialistas y profesionales provenientes de pa\u00edses como Brasil, Argentina, Chile, Bolivia, Colombia, Espa\u00f1a y m\u00e1s de 20 estados de la Rep\u00fablica Mexicana, que trabajar\u00e1n para promover un entorno de paz y justicia a trav\u00e9s del di\u00e1logo y la resoluci\u00f3n no violenta de conflictos.<\/p>\n<p>En la inauguraci\u00f3n de este evento estuvieron presentes: Liliana San Mart\u00edn Castillo, Secretaria del Trabajo en el Estado y representante personal del Gobernador del Estado, Mauricio Kuri Gonz\u00e1lez; Guadalupe Murgu\u00eda Guti\u00e9rrez, Secretaria de Gobierno en el Estado; el Diputado Federal y Presidente de la Comisi\u00f3n de Justicia de la LX Legislatura, Felipe Fernando Mac\u00edas Olvera; Martha Elena Soto Obreg\u00f3n, Secretaria de Educaci\u00f3n en el Estado; Jorge Pesqueira Leal, Presidente del Comit\u00e9 Organizador de los Congresos Mundiales y Nacionales de Mediaci\u00f3n; Fadhila Mammar, Representante de los Docentes y Expertos Participantes; y acompa\u00f1ando al Alcalde y como principal organizador de este evento, el Secretario de Gobierno Municipal, Arturo Molina Zamora.<\/p>\n","protected":false},"excerpt":{"rendered":"<p>&nbsp; El Presidente Municipal de Quer\u00e9taro, Luis Nava, inaugur\u00f3 el XIX Congreso Mundial y XXIII Congreso Nacional de Mediaci\u00f3n, que organiza la Secretar\u00eda General de Gobierno Municipal en coordinaci\u00f3n con el Instituto de Mediaci\u00f3n de M\u00e9xico y de la Universidad de Sonora, con el objetivo de resaltar e impulsar el di\u00e1logo y la resoluci\u00f3n pac\u00edfica de conflictos como pilares fundamentales<\/p>\n<div class=\"h10\"><\/div>\n<p><a class=\"more-link2 flat\" href=\"https:\/\/elconspirador.com.mx\/?p=36725\">Leer m\u00e1s<\/a><\/p>\n","protected":false},"author":1,"featured_media":36726,"comment_status":"open","ping_status":"open","sticky":false,"template":"","format":"standard","meta":{"om_disable_all_campaigns":false,"_uf_show_specific_survey":0,"_uf_disable_surveys":false},"categories":[1],"tags":[],"aioseo_notices":[],"_links":{"self":[{"href":"https:\/\/elconspirador.com.mx\/index.php?rest_route=\/wp\/v2\/posts\/36725"}],"collection":[{"href":"https:\/\/elconspirador.com.mx\/index.php?rest_route=\/wp\/v2\/posts"}],"about":[{"href":"https:\/\/elconspirador.com.mx\/index.php?rest_route=\/wp\/v2\/types\/post"}],"author":[{"embeddable":true,"href":"https:\/\/elconspirador.com.mx\/index.php?rest_route=\/wp\/v2\/users\/1"}],"replies":[{"embeddable":true,"href":"https:\/\/elconspirador.com.mx\/index.php?rest_route=%2Fwp%2Fv2%2Fcomments&post=36725"}],"version-history":[{"count":1,"href":"https:\/\/elconspirador.com.mx\/index.php?rest_route=\/wp\/v2\/posts\/36725\/revisions"}],"predecessor-version":[{"id":36727,"href":"https:\/\/elconspirador.com.mx\/index.php?rest_route=\/wp\/v2\/posts\/36725\/revisions\/36727"}],"wp:featuredmedia":[{"embeddable":true,"href":"https:\/\/elconspirador.com.mx\/index.php?rest_route=\/wp\/v2\/media\/36726"}],"wp:attachment":[{"href":"https:\/\/elconspirador.com.mx\/index.php?rest_route=%2Fwp%2Fv2%2Fmedia&parent=36725"}],"wp:term":[{"taxonomy":"category","embeddable":true,"href":"https:\/\/elconspirador.com.mx\/index.php?rest_route=%2Fwp%2Fv2%2Fcategories&post=36725"},{"taxonomy":"post_tag","embeddable":true,"href":"https:\/\/elconspirador.com.mx\/index.php?rest_route=%2Fwp%2Fv2%2Ftags&post=36725"}],"curies":[{"name":"wp","href":"https:\/\/api.w.org\/{rel}","templated":true}]}}