{"id":36755,"date":"2023-11-09T15:28:13","date_gmt":"2023-11-09T21:28:13","guid":{"rendered":"https:\/\/elconspirador.com.mx\/?p=36755"},"modified":"2023-11-09T15:28:13","modified_gmt":"2023-11-09T21:28:13","slug":"federacion-no-apoyara-a-queretaro-con-av-5-de-febrero","status":"publish","type":"post","link":"https:\/\/elconspirador.com.mx\/?p=36755","title":{"rendered":"FEDERACI\u00d3N NO APOYAR\u00c1 A QUER\u00c9TARO CON AV. 5 DE FEBRERO"},"content":{"rendered":"<p>El gobierno federal ya no apoyar\u00e1 al estado de Quer\u00e9taro con recursos para financiar la obra de avenida 5 de Febrero, as\u00ed lo afirm\u00f3 el gobernador Mauricio Kuri Gonz\u00e1lez.<\/p>\n<p>Y es que el gobernador hab\u00eda gestionado, de manera inicial, 700 millones de pesos para esta obra, pero finalmente ya no se podr\u00e1 concretar.<\/p>\n<p>Sin embargo, tambi\u00e9n asegur\u00f3 que habr\u00e1 recortes contemplados para el siguiente a\u00f1o, por parte de la federaci\u00f3n.<\/p>\n<p>&#8220;Ya me avisaron que no. Por ejemplo, Quer\u00e9taro tuvo cero apoyo en el mantenimiento de carreteras en este a\u00f1o 2023 y no se espera para 2024. Pero no importa, los recursos ya estaban garantizados en una obra que se program\u00f3 a pago multianual&#8221;.<\/p>\n<p>De acuerdo con el gobernador, Quer\u00e9taro cuenta con finanzas sanas para continuar con la obra, la cual se contempla concluir este mismo a\u00f1o.<\/p>\n<p>&#8220;No puedo detenerme ah\u00ed, porque lo que pasa Quer\u00e9taro es responsabilidad tambi\u00e9n m\u00eda y tengo que ver la forma del c\u00f3mo si (&#8230;) Veremos de d\u00f3nde sacamos los recursos&#8221;.<\/p>\n","protected":false},"excerpt":{"rendered":"<p>El gobierno federal ya no apoyar\u00e1 al estado de Quer\u00e9taro con recursos para financiar la obra de avenida 5 de Febrero, as\u00ed lo afirm\u00f3 el gobernador Mauricio Kuri Gonz\u00e1lez. Y es que el gobernador hab\u00eda gestionado, de manera inicial, 700 millones de pesos para esta obra, pero finalmente ya no se podr\u00e1 concretar. Sin embargo, tambi\u00e9n asegur\u00f3 que habr\u00e1 recortes<\/p>\n<div class=\"h10\"><\/div>\n<p><a class=\"more-link2 flat\" href=\"https:\/\/elconspirador.com.mx\/?p=36755\">Leer m\u00e1s<\/a><\/p>\n","protected":false},"author":1,"featured_media":36756,"comment_status":"open","ping_status":"open","sticky":false,"template":"","format":"standard","meta":{"om_disable_all_campaigns":false,"_uf_show_specific_survey":0,"_uf_disable_surveys":false},"categories":[1],"tags":[],"aioseo_notices":[],"_links":{"self":[{"href":"https:\/\/elconspirador.com.mx\/index.php?rest_route=\/wp\/v2\/posts\/36755"}],"collection":[{"href":"https:\/\/elconspirador.com.mx\/index.php?rest_route=\/wp\/v2\/posts"}],"about":[{"href":"https:\/\/elconspirador.com.mx\/index.php?rest_route=\/wp\/v2\/types\/post"}],"author":[{"embeddable":true,"href":"https:\/\/elconspirador.com.mx\/index.php?rest_route=\/wp\/v2\/users\/1"}],"replies":[{"embeddable":true,"href":"https:\/\/elconspirador.com.mx\/index.php?rest_route=%2Fwp%2Fv2%2Fcomments&post=36755"}],"version-history":[{"count":1,"href":"https:\/\/elconspirador.com.mx\/index.php?rest_route=\/wp\/v2\/posts\/36755\/revisions"}],"predecessor-version":[{"id":36757,"href":"https:\/\/elconspirador.com.mx\/index.php?rest_route=\/wp\/v2\/posts\/36755\/revisions\/36757"}],"wp:featuredmedia":[{"embeddable":true,"href":"https:\/\/elconspirador.com.mx\/index.php?rest_route=\/wp\/v2\/media\/36756"}],"wp:attachment":[{"href":"https:\/\/elconspirador.com.mx\/index.php?rest_route=%2Fwp%2Fv2%2Fmedia&parent=36755"}],"wp:term":[{"taxonomy":"category","embeddable":true,"href":"https:\/\/elconspirador.com.mx\/index.php?rest_route=%2Fwp%2Fv2%2Fcategories&post=36755"},{"taxonomy":"post_tag","embeddable":true,"href":"https:\/\/elconspirador.com.mx\/index.php?rest_route=%2Fwp%2Fv2%2Ftags&post=36755"}],"curies":[{"name":"wp","href":"https:\/\/api.w.org\/{rel}","templated":true}]}}