{"id":36881,"date":"2023-11-13T11:33:27","date_gmt":"2023-11-13T17:33:27","guid":{"rendered":"https:\/\/elconspirador.com.mx\/?p=36881"},"modified":"2023-11-13T11:33:27","modified_gmt":"2023-11-13T17:33:27","slug":"uaq-sera-reconocida-por-resilencia-en-la-pandemia-covid-19","status":"publish","type":"post","link":"https:\/\/elconspirador.com.mx\/?p=36881","title":{"rendered":"UAQ SER\u00c1 RECONOCIDA POR RESILENCIA EN LA PANDEMIA COVID-19"},"content":{"rendered":"<p>El pr\u00f3ximo 25 de noviembre, en Tulum, la Universidad Aut\u00f3noma de Quer\u00e9taro (UAQ) recibir\u00e1 un reconocimiento por la participaci\u00f3n universitaria que tuvieron durante la pandemia por COVID-19.<\/p>\n<p>Teresa Garc\u00eda Gasca, rectora de la universidad, destac\u00f3 que la UAQ ser\u00e1 reconocida por su resilencia en la contingencia y la serie de actividades que realizaron en este periodo para hacer frente a la enfermedad.<\/p>\n<p>\u201cParticip\u00f3 de forma directa la coordinaci\u00f3n de protecci\u00f3n civil universitaria proponiendo el trabajo que la universidad hab\u00eda hecho durante la pandemia y participa la secretar\u00eda de vinculaci\u00f3n y servicios universitarios y la secretar\u00eda administrativas y otras instancias acad\u00e9micas\u201d, dijo.<\/p>\n<p>Indic\u00f3 que algunas de las acciones realizadas fue el tamizaje para la detecci\u00f3n del virus, las pruebas gratuitas y la detecci\u00f3n de anticuerpos, as\u00ed como las t\u00e9cnicas para contar con un laboratorio de diagn\u00f3stico molecular; y la investigaci\u00f3n de la vacuna Quivax, de la cual se presentar\u00e1 el informe final el 5 de diciembre. Adem\u00e1s, reconoci\u00f3 la labor de los medios universitarios que no descansaron en este periodo.<\/p>\n<p>Agreg\u00f3 que hubo vinculaci\u00f3n institucional con la Secretar\u00eda de la Defensa Nacional (Sedena), Guardia Nacional (GN) y la Secretar\u00eda de Bienestar para las jornadas de vacunaci\u00f3n; apoyo a la comunidad universitaria; la creaci\u00f3n de la cl\u00ednica COVID que atiende a las personas que tienen secuelas por la enfermedad, por la vacunaci\u00f3n y otras enfermedades respiratorias, as\u00ed como los insumos para protecci\u00f3n como caretas.<\/p>\n<p>\u201cCuando hacemos esta remembranza es impresionante, apenas cuando haces el recuento te das cuenta de la magnitud, del trabajo que hizo la Universidad Aut\u00f3noma de Quer\u00e9taro, me parece que fue un trabajo excepcional en todo el pa\u00eds, y esto es lo que se reconoce\u201d, destac\u00f3.<\/p>\n<p>Garc\u00eda Gasca tambi\u00e9n destac\u00f3 que el s\u00e1bado a las 7:00 horas se carg\u00f3 un tr\u00e1iler con 14 toneladas de productos para enviarlos a la Universidad Aut\u00f3noma de Guerrero, de las cuales siete fueron acopio director de la universidad; detall\u00f3 que esta ma\u00f1ana sali\u00f3 el grupo de universitarios, encabezados por Rafa Porras de protecci\u00f3n civil, resguardados por la Guardia Nacional.<\/p>\n","protected":false},"excerpt":{"rendered":"<p>El pr\u00f3ximo 25 de noviembre, en Tulum, la Universidad Aut\u00f3noma de Quer\u00e9taro (UAQ) recibir\u00e1 un reconocimiento por la participaci\u00f3n universitaria que tuvieron durante la pandemia por COVID-19. Teresa Garc\u00eda Gasca, rectora de la universidad, destac\u00f3 que la UAQ ser\u00e1 reconocida por su resilencia en la contingencia y la serie de actividades que realizaron en este periodo para hacer frente a<\/p>\n<div class=\"h10\"><\/div>\n<p><a class=\"more-link2 flat\" href=\"https:\/\/elconspirador.com.mx\/?p=36881\">Leer m\u00e1s<\/a><\/p>\n","protected":false},"author":1,"featured_media":36882,"comment_status":"open","ping_status":"open","sticky":false,"template":"","format":"standard","meta":{"om_disable_all_campaigns":false,"_uf_show_specific_survey":0,"_uf_disable_surveys":false},"categories":[1],"tags":[],"aioseo_notices":[],"_links":{"self":[{"href":"https:\/\/elconspirador.com.mx\/index.php?rest_route=\/wp\/v2\/posts\/36881"}],"collection":[{"href":"https:\/\/elconspirador.com.mx\/index.php?rest_route=\/wp\/v2\/posts"}],"about":[{"href":"https:\/\/elconspirador.com.mx\/index.php?rest_route=\/wp\/v2\/types\/post"}],"author":[{"embeddable":true,"href":"https:\/\/elconspirador.com.mx\/index.php?rest_route=\/wp\/v2\/users\/1"}],"replies":[{"embeddable":true,"href":"https:\/\/elconspirador.com.mx\/index.php?rest_route=%2Fwp%2Fv2%2Fcomments&post=36881"}],"version-history":[{"count":1,"href":"https:\/\/elconspirador.com.mx\/index.php?rest_route=\/wp\/v2\/posts\/36881\/revisions"}],"predecessor-version":[{"id":36883,"href":"https:\/\/elconspirador.com.mx\/index.php?rest_route=\/wp\/v2\/posts\/36881\/revisions\/36883"}],"wp:featuredmedia":[{"embeddable":true,"href":"https:\/\/elconspirador.com.mx\/index.php?rest_route=\/wp\/v2\/media\/36882"}],"wp:attachment":[{"href":"https:\/\/elconspirador.com.mx\/index.php?rest_route=%2Fwp%2Fv2%2Fmedia&parent=36881"}],"wp:term":[{"taxonomy":"category","embeddable":true,"href":"https:\/\/elconspirador.com.mx\/index.php?rest_route=%2Fwp%2Fv2%2Fcategories&post=36881"},{"taxonomy":"post_tag","embeddable":true,"href":"https:\/\/elconspirador.com.mx\/index.php?rest_route=%2Fwp%2Fv2%2Ftags&post=36881"}],"curies":[{"name":"wp","href":"https:\/\/api.w.org\/{rel}","templated":true}]}}